{"id":8140,"date":"2026-08-31T06:31:18","date_gmt":"2026-08-31T05:31:18","guid":{"rendered":"https:\/\/boedeli-ski.ch\/?p=8140"},"modified":"2026-08-31T06:31:18","modified_gmt":"2026-08-31T05:31:18","slug":"florian-masaki-ploner-bei-kaderpraesentation-zum-skirennfahrer-der-saison-gekuert","status":"publish","type":"post","link":"https:\/\/boedeli-ski.ch\/?p=8140","title":{"rendered":"Florian Masaki Ploner bei Kaderpr\u00e4sentation zum Skirennfahrer der Saison gek\u00fcrt"},"content":{"rendered":"\n<div class=\"wp-block-jetpack-slideshow aligncenter\" data-autoplay=\"true\" data-delay=\"3\" data-effect=\"slide\" style=\"--aspect-ratio:calc(943 \/ 707)\"><div class=\"wp-block-jetpack-slideshow_container swiper\"><ul class=\"wp-block-jetpack-slideshow_swiper-wrapper swiper-wrapper\"><li class=\"wp-block-jetpack-slideshow_slide swiper-slide\"><figure><img data-recalc-dims=\"1\" loading=\"lazy\" decoding=\"async\" width=\"810\" height=\"607\" alt=\"\" class=\"wp-block-jetpack-slideshow_image wp-image-8141\" data-id=\"8141\" data-aspect-ratio=\"943 \/ 707\" src=\"https:\/\/i0.wp.com\/boedeli-ski.ch\/wp-content\/uploads\/2026\/08\/7bdd4ef1-d06d-451f-82e0-d2ad2e2eb3e7_edited.jpg?resize=810%2C607&#038;ssl=1\" srcset=\"https:\/\/i0.wp.com\/boedeli-ski.ch\/wp-content\/uploads\/2026\/08\/7bdd4ef1-d06d-451f-82e0-d2ad2e2eb3e7_edited.jpg?w=943&amp;ssl=1 943w, https:\/\/i0.wp.com\/boedeli-ski.ch\/wp-content\/uploads\/2026\/08\/7bdd4ef1-d06d-451f-82e0-d2ad2e2eb3e7_edited.jpg?resize=300%2C225&amp;ssl=1 300w, https:\/\/i0.wp.com\/boedeli-ski.ch\/wp-content\/uploads\/2026\/08\/7bdd4ef1-d06d-451f-82e0-d2ad2e2eb3e7_edited.jpg?resize=768%2C576&amp;ssl=1 768w, https:\/\/i0.wp.com\/boedeli-ski.ch\/wp-content\/uploads\/2026\/08\/7bdd4ef1-d06d-451f-82e0-d2ad2e2eb3e7_edited.jpg?resize=360%2C270&amp;ssl=1 360w, https:\/\/i0.wp.com\/boedeli-ski.ch\/wp-content\/uploads\/2026\/08\/7bdd4ef1-d06d-451f-82e0-d2ad2e2eb3e7_edited.jpg?resize=80%2C60&amp;ssl=1 80w\" sizes=\"(max-width: 810px) 100vw, 810px\" \/><figcaption class=\"wp-block-jetpack-slideshow_caption gallery-caption\">Sunrise Jugend Cup Obersaxen<\/figcaption><\/figure><\/li><li class=\"wp-block-jetpack-slideshow_slide swiper-slide\"><figure><img data-recalc-dims=\"1\" loading=\"lazy\" decoding=\"async\" width=\"810\" height=\"813\" alt=\"\" class=\"wp-block-jetpack-slideshow_image wp-image-8142\" data-id=\"8142\" data-aspect-ratio=\"810 \/ 813\" src=\"https:\/\/i0.wp.com\/boedeli-ski.ch\/wp-content\/uploads\/2026\/08\/9f5e9e06-2e54-4ce0-9046-e76c0c0212c5-1020x1024.jpg?resize=810%2C813&#038;ssl=1\" srcset=\"https:\/\/i0.wp.com\/boedeli-ski.ch\/wp-content\/uploads\/2026\/08\/9f5e9e06-2e54-4ce0-9046-e76c0c0212c5.jpg?resize=1020%2C1024&amp;ssl=1 1020w, https:\/\/i0.wp.com\/boedeli-ski.ch\/wp-content\/uploads\/2026\/08\/9f5e9e06-2e54-4ce0-9046-e76c0c0212c5.jpg?resize=300%2C300&amp;ssl=1 300w, https:\/\/i0.wp.com\/boedeli-ski.ch\/wp-content\/uploads\/2026\/08\/9f5e9e06-2e54-4ce0-9046-e76c0c0212c5.jpg?resize=150%2C150&amp;ssl=1 150w, https:\/\/i0.wp.com\/boedeli-ski.ch\/wp-content\/uploads\/2026\/08\/9f5e9e06-2e54-4ce0-9046-e76c0c0212c5.jpg?resize=768%2C771&amp;ssl=1 768w, https:\/\/i0.wp.com\/boedeli-ski.ch\/wp-content\/uploads\/2026\/08\/9f5e9e06-2e54-4ce0-9046-e76c0c0212c5.jpg?resize=1529%2C1536&amp;ssl=1 1529w, https:\/\/i0.wp.com\/boedeli-ski.ch\/wp-content\/uploads\/2026\/08\/9f5e9e06-2e54-4ce0-9046-e76c0c0212c5.jpg?w=1593&amp;ssl=1 1593w\" sizes=\"(max-width: 810px) 100vw, 810px\" \/><figcaption class=\"wp-block-jetpack-slideshow_caption gallery-caption\">Sunrise Jugend Cup Obersaxen<\/figcaption><\/figure><\/li><li class=\"wp-block-jetpack-slideshow_slide swiper-slide\"><figure><img data-recalc-dims=\"1\" loading=\"lazy\" decoding=\"async\" width=\"810\" height=\"608\" alt=\"\" class=\"wp-block-jetpack-slideshow_image wp-image-8143\" data-id=\"8143\" data-aspect-ratio=\"810 \/ 608\" src=\"https:\/\/i0.wp.com\/boedeli-ski.ch\/wp-content\/uploads\/2026\/08\/48547906-1e1f-4dd6-a51a-37f7c0a267af_edited.jpg?resize=810%2C608&#038;ssl=1\" srcset=\"https:\/\/i0.wp.com\/boedeli-ski.ch\/wp-content\/uploads\/2026\/08\/48547906-1e1f-4dd6-a51a-37f7c0a267af_edited.jpg?resize=1024%2C768&amp;ssl=1 1024w, https:\/\/i0.wp.com\/boedeli-ski.ch\/wp-content\/uploads\/2026\/08\/48547906-1e1f-4dd6-a51a-37f7c0a267af_edited.jpg?resize=300%2C225&amp;ssl=1 300w, https:\/\/i0.wp.com\/boedeli-ski.ch\/wp-content\/uploads\/2026\/08\/48547906-1e1f-4dd6-a51a-37f7c0a267af_edited.jpg?resize=768%2C576&amp;ssl=1 768w, https:\/\/i0.wp.com\/boedeli-ski.ch\/wp-content\/uploads\/2026\/08\/48547906-1e1f-4dd6-a51a-37f7c0a267af_edited.jpg?resize=1536%2C1152&amp;ssl=1 1536w, https:\/\/i0.wp.com\/boedeli-ski.ch\/wp-content\/uploads\/2026\/08\/48547906-1e1f-4dd6-a51a-37f7c0a267af_edited.jpg?resize=2048%2C1536&amp;ssl=1 2048w, https:\/\/i0.wp.com\/boedeli-ski.ch\/wp-content\/uploads\/2026\/08\/48547906-1e1f-4dd6-a51a-37f7c0a267af_edited.jpg?resize=360%2C270&amp;ssl=1 360w, https:\/\/i0.wp.com\/boedeli-ski.ch\/wp-content\/uploads\/2026\/08\/48547906-1e1f-4dd6-a51a-37f7c0a267af_edited.jpg?resize=80%2C60&amp;ssl=1 80w, https:\/\/i0.wp.com\/boedeli-ski.ch\/wp-content\/uploads\/2026\/08\/48547906-1e1f-4dd6-a51a-37f7c0a267af_edited.jpg?w=1620&amp;ssl=1 1620w\" sizes=\"(max-width: 810px) 100vw, 810px\" \/><figcaption class=\"wp-block-jetpack-slideshow_caption gallery-caption\">IRM Andermatt<\/figcaption><\/figure><\/li><li class=\"wp-block-jetpack-slideshow_slide swiper-slide\"><figure><img data-recalc-dims=\"1\" loading=\"lazy\" decoding=\"async\" width=\"810\" height=\"608\" alt=\"\" class=\"wp-block-jetpack-slideshow_image wp-image-8144\" data-id=\"8144\" data-aspect-ratio=\"810 \/ 608\" src=\"https:\/\/i0.wp.com\/boedeli-ski.ch\/wp-content\/uploads\/2026\/08\/e25bd70c-a875-4c5f-a8bb-408acd521798_edited.jpg?resize=810%2C608&#038;ssl=1\" srcset=\"https:\/\/i0.wp.com\/boedeli-ski.ch\/wp-content\/uploads\/2026\/08\/e25bd70c-a875-4c5f-a8bb-408acd521798_edited.jpg?resize=1024%2C768&amp;ssl=1 1024w, https:\/\/i0.wp.com\/boedeli-ski.ch\/wp-content\/uploads\/2026\/08\/e25bd70c-a875-4c5f-a8bb-408acd521798_edited.jpg?resize=300%2C225&amp;ssl=1 300w, https:\/\/i0.wp.com\/boedeli-ski.ch\/wp-content\/uploads\/2026\/08\/e25bd70c-a875-4c5f-a8bb-408acd521798_edited.jpg?resize=768%2C576&amp;ssl=1 768w, https:\/\/i0.wp.com\/boedeli-ski.ch\/wp-content\/uploads\/2026\/08\/e25bd70c-a875-4c5f-a8bb-408acd521798_edited.jpg?resize=360%2C270&amp;ssl=1 360w, https:\/\/i0.wp.com\/boedeli-ski.ch\/wp-content\/uploads\/2026\/08\/e25bd70c-a875-4c5f-a8bb-408acd521798_edited.jpg?resize=80%2C60&amp;ssl=1 80w, https:\/\/i0.wp.com\/boedeli-ski.ch\/wp-content\/uploads\/2026\/08\/e25bd70c-a875-4c5f-a8bb-408acd521798_edited.jpg?w=1200&amp;ssl=1 1200w\" sizes=\"(max-width: 810px) 100vw, 810px\" \/><figcaption class=\"wp-block-jetpack-slideshow_caption gallery-caption\">Sunrise Jugend Cup Obersaxen<\/figcaption><\/figure><\/li><li class=\"wp-block-jetpack-slideshow_slide swiper-slide\"><figure><img data-recalc-dims=\"1\" loading=\"lazy\" decoding=\"async\" width=\"810\" height=\"608\" alt=\"\" class=\"wp-block-jetpack-slideshow_image wp-image-8133\" data-id=\"8133\" data-aspect-ratio=\"810 \/ 608\" src=\"https:\/\/i0.wp.com\/boedeli-ski.ch\/wp-content\/uploads\/2026\/08\/Kaderpraesentation_02.jpg?resize=810%2C608&#038;ssl=1\" srcset=\"https:\/\/i0.wp.com\/boedeli-ski.ch\/wp-content\/uploads\/2026\/08\/Kaderpraesentation_02-scaled.jpg?resize=1024%2C768&amp;ssl=1 1024w, https:\/\/i0.wp.com\/boedeli-ski.ch\/wp-content\/uploads\/2026\/08\/Kaderpraesentation_02-scaled.jpg?resize=300%2C225&amp;ssl=1 300w, https:\/\/i0.wp.com\/boedeli-ski.ch\/wp-content\/uploads\/2026\/08\/Kaderpraesentation_02-scaled.jpg?resize=768%2C576&amp;ssl=1 768w, https:\/\/i0.wp.com\/boedeli-ski.ch\/wp-content\/uploads\/2026\/08\/Kaderpraesentation_02-scaled.jpg?resize=1536%2C1152&amp;ssl=1 1536w, https:\/\/i0.wp.com\/boedeli-ski.ch\/wp-content\/uploads\/2026\/08\/Kaderpraesentation_02-scaled.jpg?resize=2048%2C1536&amp;ssl=1 2048w, https:\/\/i0.wp.com\/boedeli-ski.ch\/wp-content\/uploads\/2026\/08\/Kaderpraesentation_02-scaled.jpg?resize=360%2C270&amp;ssl=1 360w, https:\/\/i0.wp.com\/boedeli-ski.ch\/wp-content\/uploads\/2026\/08\/Kaderpraesentation_02-scaled.jpg?resize=80%2C60&amp;ssl=1 80w, https:\/\/i0.wp.com\/boedeli-ski.ch\/wp-content\/uploads\/2026\/08\/Kaderpraesentation_02-scaled.jpg?w=1620&amp;ssl=1 1620w, https:\/\/i0.wp.com\/boedeli-ski.ch\/wp-content\/uploads\/2026\/08\/Kaderpraesentation_02-scaled.jpg?w=2430&amp;ssl=1 2430w\" sizes=\"(max-width: 810px) 100vw, 810px\" \/><figcaption class=\"wp-block-jetpack-slideshow_caption gallery-caption\">Florian Masaki Ploner vom Skiclub Habkern wurde zum \u00abB\u00f6deli-Skirennfahrer der Saison 2025\/26\u00bb gek\u00fcrt. Jessica Fuhrer, Leiterin Verkaufssupport der Mobiliar Generalagentur Interlaken-Oberhasli, \u00fcberreichte ihm den Wanderpreis.<\/figcaption><\/figure><\/li><\/ul><a class=\"wp-block-jetpack-slideshow_button-prev swiper-button-prev swiper-button-white\" role=\"button\"><\/a><a class=\"wp-block-jetpack-slideshow_button-next swiper-button-next swiper-button-white\" role=\"button\"><\/a><a aria-label=\"Pause Slideshow\" class=\"wp-block-jetpack-slideshow_button-pause\" role=\"button\"><\/a><div class=\"wp-block-jetpack-slideshow_pagination swiper-pagination swiper-pagination-white\"><\/div><\/div><\/div>\n\n\n\n<p class=\"wp-block-paragraph\"><strong>Dank der grossz\u00fcgigen Unterst\u00fctzung der Mobiliar Generalagentur Interlaken-Oberhasli konnte auch in diesem Jahr der Wanderpreis f\u00fcr die B\u00f6deli-Skirennfahrerin oder den B\u00f6deli-Skirennfahrer der Saison vergeben werden. Reto Nydegger, Pr\u00e4sident von B\u00f6deli-Ski, nahm die Ehrung vor und w\u00fcrdigte die Leistungen des diesj\u00e4hrigen Preistr\u00e4gers. Jessica Fuhrer, Leiterin Verkaufssupport der Mobiliar Generalagentur Interlaken-Oberhasli, \u00fcberreichte den Wanderpreis an Florian Masaki Ploner vom Skiclub Habkern.<\/strong><\/p>\n\n\n\n<p class=\"wp-block-paragraph\">Florian blickt auf eine beeindruckende Saison zur\u00fcck. Beim ersten interregionalen Rennwochenende in Andermatt fuhr er im Riesenslalom auf den zweiten Platz und gewann tags darauf den Slalom. An den BOSV JO-Meisterschaften an der Lenk sicherte er sich im Riesenslalom die Silbermedaille. Bei den interregionalen Slaloms am Schwarzsee erreichte er die R\u00e4nge zwei und vier.<\/p>\n\n\n\n<p class=\"wp-block-paragraph\">Auch auf nationaler Ebene \u00fcberzeugte Florian. Beim Sunrise Jugendcup in Obersaxen fuhr er im zweiten Super-G auf den hervorragenden zweiten Platz. In der Gesamtwertung des Sunrise Jugendcups klassierte er sich unter den besten zehn Athleten.<\/p>\n\n\n\n<p class=\"wp-block-paragraph\">Ein weiterer H\u00f6hepunkt folgte zum Saisonabschluss: Florian wurde von Swiss-Ski f\u00fcr das FESA-Speedcamp in S\u00f6lden selektioniert. Dort trainierte er gemeinsam mit einigen der besten Athleten seines Jahrgangs aus Europa die Speeddisziplinen Super-G und Abfahrt. Dabei konnte er wertvolle Erfahrungen im Hinblick auf seinen bevorstehenden Wechsel ins FIS-Alter sammeln. Mit seinen Leistungen, seiner konstanten Entwicklung und seinem Einsatz hat sich Florian die Auszeichnung zum \u00abB\u00f6deli-Skirennfahrer der Saison 2025\/26\u00bb verdient.<\/p>\n","protected":false},"excerpt":{"rendered":"<p>Dank der grossz\u00fcgigen Unterst\u00fctzung der Mobiliar Generalagentur Interlaken-Oberhasli konnte auch [&hellip;]<\/p>\n","protected":false},"author":3,"featured_media":8145,"comment_status":"closed","ping_status":"closed","sticky":false,"template":"","format":"standard","meta":{"_jetpack_newsletter_access":"","_jetpack_dont_email_post_to_subs":false,"_jetpack_newsletter_tier_id":0,"_jetpack_memberships_contains_paywalled_content":false,"_jetpack_feature_clip_id":0,"_jetpack_memberships_contains_paid_content":false,"footnotes":"","jetpack_post_was_ever_published":false},"categories":[7,58,66],"tags":[22,24,21,19,43],"class_list":["post-8140","post","type-post","status-publish","format-standard","has-post-thumbnail","hentry","category-bericht-training","category-newsletter","category-saison-26-27","tag-berner-oberlaendischer-skiverband","tag-boedeli-ski","tag-bosv","tag-region-kader","tag-swiss-ski"],"jetpack_sharing_enabled":true,"jetpack_shortlink":"https:\/\/wp.me\/p9y5Fm-27i","jetpack_featured_media_url":"https:\/\/i0.wp.com\/boedeli-ski.ch\/wp-content\/uploads\/2026\/08\/Kaderpraesentation_02-1-scaled-e1788141009985.jpg?fit=2560%2C1280&ssl=1","_links":{"self":[{"href":"https:\/\/boedeli-ski.ch\/index.php?rest_route=\/wp\/v2\/posts\/8140","targetHints":{"allow":["GET"]}}],"collection":[{"href":"https:\/\/boedeli-ski.ch\/index.php?rest_route=\/wp\/v2\/posts"}],"about":[{"href":"https:\/\/boedeli-ski.ch\/index.php?rest_route=\/wp\/v2\/types\/post"}],"author":[{"embeddable":true,"href":"https:\/\/boedeli-ski.ch\/index.php?rest_route=\/wp\/v2\/users\/3"}],"replies":[{"embeddable":true,"href":"https:\/\/boedeli-ski.ch\/index.php?rest_route=%2Fwp%2Fv2%2Fcomments&post=8140"}],"version-history":[{"count":1,"href":"https:\/\/boedeli-ski.ch\/index.php?rest_route=\/wp\/v2\/posts\/8140\/revisions"}],"predecessor-version":[{"id":8146,"href":"https:\/\/boedeli-ski.ch\/index.php?rest_route=\/wp\/v2\/posts\/8140\/revisions\/8146"}],"wp:featuredmedia":[{"embeddable":true,"href":"https:\/\/boedeli-ski.ch\/index.php?rest_route=\/wp\/v2\/media\/8145"}],"wp:attachment":[{"href":"https:\/\/boedeli-ski.ch\/index.php?rest_route=%2Fwp%2Fv2%2Fmedia&parent=8140"}],"wp:term":[{"taxonomy":"category","embeddable":true,"href":"https:\/\/boedeli-ski.ch\/index.php?rest_route=%2Fwp%2Fv2%2Fcategories&post=8140"},{"taxonomy":"post_tag","embeddable":true,"href":"https:\/\/boedeli-ski.ch\/index.php?rest_route=%2Fwp%2Fv2%2Ftags&post=8140"}],"curies":[{"name":"wp","href":"https:\/\/api.w.org\/{rel}","templated":true}]}}