{"id":8127,"date":"2026-08-31T06:30:14","date_gmt":"2026-08-31T05:30:14","guid":{"rendered":"https:\/\/boedeli-ski.ch\/?p=8127"},"modified":"2026-08-31T06:30:14","modified_gmt":"2026-08-31T05:30:14","slug":"unsere-nachwuchstalente-im-mittelpunkt-kaderpraesentation-bei-sport-werk","status":"publish","type":"post","link":"https:\/\/boedeli-ski.ch\/?p=8127","title":{"rendered":"Unsere Nachwuchstalente im Mittelpunkt: Kaderpr\u00e4sentation bei Sport-Werk"},"content":{"rendered":"\n<div class=\"wp-block-jetpack-slideshow aligncenter\" data-autoplay=\"true\" data-delay=\"3\" data-effect=\"slide\" style=\"--aspect-ratio:calc(810 \/ 608)\"><div class=\"wp-block-jetpack-slideshow_container swiper\"><ul class=\"wp-block-jetpack-slideshow_swiper-wrapper swiper-wrapper\"><li class=\"wp-block-jetpack-slideshow_slide swiper-slide\"><figure><img data-recalc-dims=\"1\" loading=\"lazy\" decoding=\"async\" width=\"810\" height=\"608\" alt=\"\" class=\"wp-block-jetpack-slideshow_image wp-image-8128\" data-id=\"8128\" data-aspect-ratio=\"810 \/ 608\" src=\"https:\/\/i0.wp.com\/boedeli-ski.ch\/wp-content\/uploads\/2026\/08\/26-08-24_Kaderpraesentation-Boedeli-Ski-x-Sportwerk-003.jpg?resize=810%2C608&#038;ssl=1\" srcset=\"https:\/\/i0.wp.com\/boedeli-ski.ch\/wp-content\/uploads\/2026\/08\/26-08-24_Kaderpraesentation-Boedeli-Ski-x-Sportwerk-003-scaled.jpg?resize=1024%2C768&amp;ssl=1 1024w, https:\/\/i0.wp.com\/boedeli-ski.ch\/wp-content\/uploads\/2026\/08\/26-08-24_Kaderpraesentation-Boedeli-Ski-x-Sportwerk-003-scaled.jpg?resize=300%2C225&amp;ssl=1 300w, https:\/\/i0.wp.com\/boedeli-ski.ch\/wp-content\/uploads\/2026\/08\/26-08-24_Kaderpraesentation-Boedeli-Ski-x-Sportwerk-003-scaled.jpg?resize=768%2C576&amp;ssl=1 768w, https:\/\/i0.wp.com\/boedeli-ski.ch\/wp-content\/uploads\/2026\/08\/26-08-24_Kaderpraesentation-Boedeli-Ski-x-Sportwerk-003-scaled.jpg?resize=1536%2C1152&amp;ssl=1 1536w, https:\/\/i0.wp.com\/boedeli-ski.ch\/wp-content\/uploads\/2026\/08\/26-08-24_Kaderpraesentation-Boedeli-Ski-x-Sportwerk-003-scaled.jpg?resize=2048%2C1536&amp;ssl=1 2048w, https:\/\/i0.wp.com\/boedeli-ski.ch\/wp-content\/uploads\/2026\/08\/26-08-24_Kaderpraesentation-Boedeli-Ski-x-Sportwerk-003-scaled.jpg?resize=360%2C270&amp;ssl=1 360w, https:\/\/i0.wp.com\/boedeli-ski.ch\/wp-content\/uploads\/2026\/08\/26-08-24_Kaderpraesentation-Boedeli-Ski-x-Sportwerk-003-scaled.jpg?resize=80%2C60&amp;ssl=1 80w, https:\/\/i0.wp.com\/boedeli-ski.ch\/wp-content\/uploads\/2026\/08\/26-08-24_Kaderpraesentation-Boedeli-Ski-x-Sportwerk-003-scaled.jpg?w=1620&amp;ssl=1 1620w, https:\/\/i0.wp.com\/boedeli-ski.ch\/wp-content\/uploads\/2026\/08\/26-08-24_Kaderpraesentation-Boedeli-Ski-x-Sportwerk-003-scaled.jpg?w=2430&amp;ssl=1 2430w\" sizes=\"(max-width: 810px) 100vw, 810px\" \/><\/figure><\/li><li class=\"wp-block-jetpack-slideshow_slide swiper-slide\"><figure><img data-recalc-dims=\"1\" loading=\"lazy\" decoding=\"async\" width=\"768\" height=\"1024\" alt=\"\" class=\"wp-block-jetpack-slideshow_image wp-image-8129\" data-id=\"8129\" data-aspect-ratio=\"768 \/ 1024\" src=\"https:\/\/i0.wp.com\/boedeli-ski.ch\/wp-content\/uploads\/2026\/08\/26-08-24_Kaderpraesentation-Boedeli-Ski-x-Sportwerk-009.jpg?resize=768%2C1024&#038;ssl=1\" srcset=\"https:\/\/i0.wp.com\/boedeli-ski.ch\/wp-content\/uploads\/2026\/08\/26-08-24_Kaderpraesentation-Boedeli-Ski-x-Sportwerk-009-scaled.jpg?resize=768%2C1024&amp;ssl=1 768w, https:\/\/i0.wp.com\/boedeli-ski.ch\/wp-content\/uploads\/2026\/08\/26-08-24_Kaderpraesentation-Boedeli-Ski-x-Sportwerk-009-scaled.jpg?resize=225%2C300&amp;ssl=1 225w, https:\/\/i0.wp.com\/boedeli-ski.ch\/wp-content\/uploads\/2026\/08\/26-08-24_Kaderpraesentation-Boedeli-Ski-x-Sportwerk-009-scaled.jpg?resize=1152%2C1536&amp;ssl=1 1152w, https:\/\/i0.wp.com\/boedeli-ski.ch\/wp-content\/uploads\/2026\/08\/26-08-24_Kaderpraesentation-Boedeli-Ski-x-Sportwerk-009-scaled.jpg?resize=1536%2C2048&amp;ssl=1 1536w, https:\/\/i0.wp.com\/boedeli-ski.ch\/wp-content\/uploads\/2026\/08\/26-08-24_Kaderpraesentation-Boedeli-Ski-x-Sportwerk-009-scaled.jpg?w=1920&amp;ssl=1 1920w, https:\/\/i0.wp.com\/boedeli-ski.ch\/wp-content\/uploads\/2026\/08\/26-08-24_Kaderpraesentation-Boedeli-Ski-x-Sportwerk-009-scaled.jpg?w=1620&amp;ssl=1 1620w\" sizes=\"(max-width: 768px) 100vw, 768px\" \/><\/figure><\/li><li class=\"wp-block-jetpack-slideshow_slide swiper-slide\"><figure><img data-recalc-dims=\"1\" loading=\"lazy\" decoding=\"async\" width=\"810\" height=\"608\" alt=\"\" class=\"wp-block-jetpack-slideshow_image wp-image-8130\" data-id=\"8130\" data-aspect-ratio=\"810 \/ 608\" src=\"https:\/\/i0.wp.com\/boedeli-ski.ch\/wp-content\/uploads\/2026\/08\/26-08-24_Kaderpraesentation-Boedeli-Ski-x-Sportwerk-010.jpg?resize=810%2C608&#038;ssl=1\" srcset=\"https:\/\/i0.wp.com\/boedeli-ski.ch\/wp-content\/uploads\/2026\/08\/26-08-24_Kaderpraesentation-Boedeli-Ski-x-Sportwerk-010-scaled.jpg?resize=1024%2C768&amp;ssl=1 1024w, https:\/\/i0.wp.com\/boedeli-ski.ch\/wp-content\/uploads\/2026\/08\/26-08-24_Kaderpraesentation-Boedeli-Ski-x-Sportwerk-010-scaled.jpg?resize=300%2C225&amp;ssl=1 300w, https:\/\/i0.wp.com\/boedeli-ski.ch\/wp-content\/uploads\/2026\/08\/26-08-24_Kaderpraesentation-Boedeli-Ski-x-Sportwerk-010-scaled.jpg?resize=768%2C576&amp;ssl=1 768w, https:\/\/i0.wp.com\/boedeli-ski.ch\/wp-content\/uploads\/2026\/08\/26-08-24_Kaderpraesentation-Boedeli-Ski-x-Sportwerk-010-scaled.jpg?resize=1536%2C1152&amp;ssl=1 1536w, https:\/\/i0.wp.com\/boedeli-ski.ch\/wp-content\/uploads\/2026\/08\/26-08-24_Kaderpraesentation-Boedeli-Ski-x-Sportwerk-010-scaled.jpg?resize=2048%2C1536&amp;ssl=1 2048w, https:\/\/i0.wp.com\/boedeli-ski.ch\/wp-content\/uploads\/2026\/08\/26-08-24_Kaderpraesentation-Boedeli-Ski-x-Sportwerk-010-scaled.jpg?resize=360%2C270&amp;ssl=1 360w, https:\/\/i0.wp.com\/boedeli-ski.ch\/wp-content\/uploads\/2026\/08\/26-08-24_Kaderpraesentation-Boedeli-Ski-x-Sportwerk-010-scaled.jpg?resize=80%2C60&amp;ssl=1 80w, https:\/\/i0.wp.com\/boedeli-ski.ch\/wp-content\/uploads\/2026\/08\/26-08-24_Kaderpraesentation-Boedeli-Ski-x-Sportwerk-010-scaled.jpg?w=1620&amp;ssl=1 1620w, https:\/\/i0.wp.com\/boedeli-ski.ch\/wp-content\/uploads\/2026\/08\/26-08-24_Kaderpraesentation-Boedeli-Ski-x-Sportwerk-010-scaled.jpg?w=2430&amp;ssl=1 2430w\" sizes=\"(max-width: 810px) 100vw, 810px\" \/><\/figure><\/li><li class=\"wp-block-jetpack-slideshow_slide swiper-slide\"><figure><img data-recalc-dims=\"1\" loading=\"lazy\" decoding=\"async\" width=\"810\" height=\"608\" alt=\"\" class=\"wp-block-jetpack-slideshow_image wp-image-8131\" data-id=\"8131\" data-aspect-ratio=\"810 \/ 608\" src=\"https:\/\/i0.wp.com\/boedeli-ski.ch\/wp-content\/uploads\/2026\/08\/26-08-24_Kaderpraesentation-Boedeli-Ski-x-Sportwerk-012.jpg?resize=810%2C608&#038;ssl=1\" srcset=\"https:\/\/i0.wp.com\/boedeli-ski.ch\/wp-content\/uploads\/2026\/08\/26-08-24_Kaderpraesentation-Boedeli-Ski-x-Sportwerk-012-scaled.jpg?resize=1024%2C768&amp;ssl=1 1024w, https:\/\/i0.wp.com\/boedeli-ski.ch\/wp-content\/uploads\/2026\/08\/26-08-24_Kaderpraesentation-Boedeli-Ski-x-Sportwerk-012-scaled.jpg?resize=300%2C225&amp;ssl=1 300w, https:\/\/i0.wp.com\/boedeli-ski.ch\/wp-content\/uploads\/2026\/08\/26-08-24_Kaderpraesentation-Boedeli-Ski-x-Sportwerk-012-scaled.jpg?resize=768%2C576&amp;ssl=1 768w, https:\/\/i0.wp.com\/boedeli-ski.ch\/wp-content\/uploads\/2026\/08\/26-08-24_Kaderpraesentation-Boedeli-Ski-x-Sportwerk-012-scaled.jpg?resize=1536%2C1152&amp;ssl=1 1536w, https:\/\/i0.wp.com\/boedeli-ski.ch\/wp-content\/uploads\/2026\/08\/26-08-24_Kaderpraesentation-Boedeli-Ski-x-Sportwerk-012-scaled.jpg?resize=2048%2C1536&amp;ssl=1 2048w, https:\/\/i0.wp.com\/boedeli-ski.ch\/wp-content\/uploads\/2026\/08\/26-08-24_Kaderpraesentation-Boedeli-Ski-x-Sportwerk-012-scaled.jpg?resize=360%2C270&amp;ssl=1 360w, https:\/\/i0.wp.com\/boedeli-ski.ch\/wp-content\/uploads\/2026\/08\/26-08-24_Kaderpraesentation-Boedeli-Ski-x-Sportwerk-012-scaled.jpg?resize=80%2C60&amp;ssl=1 80w, https:\/\/i0.wp.com\/boedeli-ski.ch\/wp-content\/uploads\/2026\/08\/26-08-24_Kaderpraesentation-Boedeli-Ski-x-Sportwerk-012-scaled.jpg?w=1620&amp;ssl=1 1620w, https:\/\/i0.wp.com\/boedeli-ski.ch\/wp-content\/uploads\/2026\/08\/26-08-24_Kaderpraesentation-Boedeli-Ski-x-Sportwerk-012-scaled.jpg?w=2430&amp;ssl=1 2430w\" sizes=\"(max-width: 810px) 100vw, 810px\" \/><\/figure><\/li><li class=\"wp-block-jetpack-slideshow_slide swiper-slide\"><figure><img data-recalc-dims=\"1\" loading=\"lazy\" decoding=\"async\" width=\"810\" height=\"608\" alt=\"\" class=\"wp-block-jetpack-slideshow_image wp-image-8134\" data-id=\"8134\" data-aspect-ratio=\"810 \/ 608\" src=\"https:\/\/i0.wp.com\/boedeli-ski.ch\/wp-content\/uploads\/2026\/08\/Kaderpraesentation_03.jpg?resize=810%2C608&#038;ssl=1\" srcset=\"https:\/\/i0.wp.com\/boedeli-ski.ch\/wp-content\/uploads\/2026\/08\/Kaderpraesentation_03-scaled.jpg?resize=1024%2C768&amp;ssl=1 1024w, https:\/\/i0.wp.com\/boedeli-ski.ch\/wp-content\/uploads\/2026\/08\/Kaderpraesentation_03-scaled.jpg?resize=300%2C225&amp;ssl=1 300w, https:\/\/i0.wp.com\/boedeli-ski.ch\/wp-content\/uploads\/2026\/08\/Kaderpraesentation_03-scaled.jpg?resize=768%2C576&amp;ssl=1 768w, https:\/\/i0.wp.com\/boedeli-ski.ch\/wp-content\/uploads\/2026\/08\/Kaderpraesentation_03-scaled.jpg?resize=1536%2C1152&amp;ssl=1 1536w, https:\/\/i0.wp.com\/boedeli-ski.ch\/wp-content\/uploads\/2026\/08\/Kaderpraesentation_03-scaled.jpg?resize=2048%2C1536&amp;ssl=1 2048w, https:\/\/i0.wp.com\/boedeli-ski.ch\/wp-content\/uploads\/2026\/08\/Kaderpraesentation_03-scaled.jpg?resize=360%2C270&amp;ssl=1 360w, https:\/\/i0.wp.com\/boedeli-ski.ch\/wp-content\/uploads\/2026\/08\/Kaderpraesentation_03-scaled.jpg?resize=80%2C60&amp;ssl=1 80w, https:\/\/i0.wp.com\/boedeli-ski.ch\/wp-content\/uploads\/2026\/08\/Kaderpraesentation_03-scaled.jpg?w=1620&amp;ssl=1 1620w, https:\/\/i0.wp.com\/boedeli-ski.ch\/wp-content\/uploads\/2026\/08\/Kaderpraesentation_03-scaled.jpg?w=2430&amp;ssl=1 2430w\" sizes=\"(max-width: 810px) 100vw, 810px\" \/><\/figure><\/li><li class=\"wp-block-jetpack-slideshow_slide swiper-slide\"><figure><img data-recalc-dims=\"1\" loading=\"lazy\" decoding=\"async\" width=\"768\" height=\"1024\" alt=\"\" class=\"wp-block-jetpack-slideshow_image wp-image-8135\" data-id=\"8135\" data-aspect-ratio=\"768 \/ 1024\" src=\"https:\/\/i0.wp.com\/boedeli-ski.ch\/wp-content\/uploads\/2026\/08\/Kaderpraesentation_04.jpg?resize=768%2C1024&#038;ssl=1\" srcset=\"https:\/\/i0.wp.com\/boedeli-ski.ch\/wp-content\/uploads\/2026\/08\/Kaderpraesentation_04-scaled.jpg?resize=768%2C1024&amp;ssl=1 768w, https:\/\/i0.wp.com\/boedeli-ski.ch\/wp-content\/uploads\/2026\/08\/Kaderpraesentation_04-scaled.jpg?resize=225%2C300&amp;ssl=1 225w, https:\/\/i0.wp.com\/boedeli-ski.ch\/wp-content\/uploads\/2026\/08\/Kaderpraesentation_04-scaled.jpg?resize=1152%2C1536&amp;ssl=1 1152w, https:\/\/i0.wp.com\/boedeli-ski.ch\/wp-content\/uploads\/2026\/08\/Kaderpraesentation_04-scaled.jpg?resize=1536%2C2048&amp;ssl=1 1536w, https:\/\/i0.wp.com\/boedeli-ski.ch\/wp-content\/uploads\/2026\/08\/Kaderpraesentation_04-scaled.jpg?w=1920&amp;ssl=1 1920w, https:\/\/i0.wp.com\/boedeli-ski.ch\/wp-content\/uploads\/2026\/08\/Kaderpraesentation_04-scaled.jpg?w=1620&amp;ssl=1 1620w\" sizes=\"(max-width: 768px) 100vw, 768px\" \/><\/figure><\/li><li class=\"wp-block-jetpack-slideshow_slide swiper-slide\"><figure><img data-recalc-dims=\"1\" loading=\"lazy\" decoding=\"async\" width=\"768\" height=\"1024\" alt=\"\" class=\"wp-block-jetpack-slideshow_image wp-image-8137\" data-id=\"8137\" data-aspect-ratio=\"768 \/ 1024\" src=\"https:\/\/i0.wp.com\/boedeli-ski.ch\/wp-content\/uploads\/2026\/08\/Kaderpraesentation_06.jpg?resize=768%2C1024&#038;ssl=1\" srcset=\"https:\/\/i0.wp.com\/boedeli-ski.ch\/wp-content\/uploads\/2026\/08\/Kaderpraesentation_06-scaled.jpg?resize=768%2C1024&amp;ssl=1 768w, https:\/\/i0.wp.com\/boedeli-ski.ch\/wp-content\/uploads\/2026\/08\/Kaderpraesentation_06-scaled.jpg?resize=225%2C300&amp;ssl=1 225w, https:\/\/i0.wp.com\/boedeli-ski.ch\/wp-content\/uploads\/2026\/08\/Kaderpraesentation_06-scaled.jpg?resize=1152%2C1536&amp;ssl=1 1152w, https:\/\/i0.wp.com\/boedeli-ski.ch\/wp-content\/uploads\/2026\/08\/Kaderpraesentation_06-scaled.jpg?resize=1536%2C2048&amp;ssl=1 1536w, https:\/\/i0.wp.com\/boedeli-ski.ch\/wp-content\/uploads\/2026\/08\/Kaderpraesentation_06-scaled.jpg?w=1920&amp;ssl=1 1920w, https:\/\/i0.wp.com\/boedeli-ski.ch\/wp-content\/uploads\/2026\/08\/Kaderpraesentation_06-scaled.jpg?w=1620&amp;ssl=1 1620w\" sizes=\"(max-width: 768px) 100vw, 768px\" \/><\/figure><\/li><li class=\"wp-block-jetpack-slideshow_slide swiper-slide\"><figure><img data-recalc-dims=\"1\" loading=\"lazy\" decoding=\"async\" width=\"768\" height=\"1024\" alt=\"\" class=\"wp-block-jetpack-slideshow_image wp-image-8136\" data-id=\"8136\" data-aspect-ratio=\"768 \/ 1024\" src=\"https:\/\/i0.wp.com\/boedeli-ski.ch\/wp-content\/uploads\/2026\/08\/Kaderpraesentation_05.jpg?resize=768%2C1024&#038;ssl=1\" srcset=\"https:\/\/i0.wp.com\/boedeli-ski.ch\/wp-content\/uploads\/2026\/08\/Kaderpraesentation_05-scaled.jpg?resize=768%2C1024&amp;ssl=1 768w, https:\/\/i0.wp.com\/boedeli-ski.ch\/wp-content\/uploads\/2026\/08\/Kaderpraesentation_05-scaled.jpg?resize=225%2C300&amp;ssl=1 225w, https:\/\/i0.wp.com\/boedeli-ski.ch\/wp-content\/uploads\/2026\/08\/Kaderpraesentation_05-scaled.jpg?resize=1152%2C1536&amp;ssl=1 1152w, https:\/\/i0.wp.com\/boedeli-ski.ch\/wp-content\/uploads\/2026\/08\/Kaderpraesentation_05-scaled.jpg?resize=1536%2C2048&amp;ssl=1 1536w, https:\/\/i0.wp.com\/boedeli-ski.ch\/wp-content\/uploads\/2026\/08\/Kaderpraesentation_05-scaled.jpg?w=1920&amp;ssl=1 1920w, https:\/\/i0.wp.com\/boedeli-ski.ch\/wp-content\/uploads\/2026\/08\/Kaderpraesentation_05-scaled.jpg?w=1620&amp;ssl=1 1620w\" sizes=\"(max-width: 768px) 100vw, 768px\" \/><\/figure><\/li><li class=\"wp-block-jetpack-slideshow_slide swiper-slide\"><figure><img data-recalc-dims=\"1\" loading=\"lazy\" decoding=\"async\" width=\"810\" height=\"608\" alt=\"\" class=\"wp-block-jetpack-slideshow_image wp-image-8138\" data-id=\"8138\" data-aspect-ratio=\"810 \/ 608\" src=\"https:\/\/i0.wp.com\/boedeli-ski.ch\/wp-content\/uploads\/2026\/08\/Kaderpraesentation_01-1.jpg?resize=810%2C608&#038;ssl=1\" srcset=\"https:\/\/i0.wp.com\/boedeli-ski.ch\/wp-content\/uploads\/2026\/08\/Kaderpraesentation_01-1-scaled.jpg?resize=1024%2C768&amp;ssl=1 1024w, https:\/\/i0.wp.com\/boedeli-ski.ch\/wp-content\/uploads\/2026\/08\/Kaderpraesentation_01-1-scaled.jpg?resize=300%2C225&amp;ssl=1 300w, https:\/\/i0.wp.com\/boedeli-ski.ch\/wp-content\/uploads\/2026\/08\/Kaderpraesentation_01-1-scaled.jpg?resize=768%2C576&amp;ssl=1 768w, https:\/\/i0.wp.com\/boedeli-ski.ch\/wp-content\/uploads\/2026\/08\/Kaderpraesentation_01-1-scaled.jpg?resize=1536%2C1152&amp;ssl=1 1536w, https:\/\/i0.wp.com\/boedeli-ski.ch\/wp-content\/uploads\/2026\/08\/Kaderpraesentation_01-1-scaled.jpg?resize=2048%2C1536&amp;ssl=1 2048w, https:\/\/i0.wp.com\/boedeli-ski.ch\/wp-content\/uploads\/2026\/08\/Kaderpraesentation_01-1-scaled.jpg?resize=360%2C270&amp;ssl=1 360w, https:\/\/i0.wp.com\/boedeli-ski.ch\/wp-content\/uploads\/2026\/08\/Kaderpraesentation_01-1-scaled.jpg?resize=80%2C60&amp;ssl=1 80w, https:\/\/i0.wp.com\/boedeli-ski.ch\/wp-content\/uploads\/2026\/08\/Kaderpraesentation_01-1-scaled.jpg?w=1620&amp;ssl=1 1620w, https:\/\/i0.wp.com\/boedeli-ski.ch\/wp-content\/uploads\/2026\/08\/Kaderpraesentation_01-1-scaled.jpg?w=2430&amp;ssl=1 2430w\" sizes=\"(max-width: 810px) 100vw, 810px\" \/><\/figure><\/li><\/ul><a class=\"wp-block-jetpack-slideshow_button-prev swiper-button-prev swiper-button-white\" role=\"button\"><\/a><a class=\"wp-block-jetpack-slideshow_button-next swiper-button-next swiper-button-white\" role=\"button\"><\/a><a aria-label=\"Pause Slideshow\" class=\"wp-block-jetpack-slideshow_button-pause\" role=\"button\"><\/a><div class=\"wp-block-jetpack-slideshow_pagination swiper-pagination swiper-pagination-white\"><\/div><\/div><\/div>\n\n\n\n<p class=\"wp-block-paragraph\"><strong>Vergangene Woche pr\u00e4sentierten sich die Nachwuchsathlet:innen der B\u00f6deli-Skiclubs in den neuen R\u00e4umlichkeiten von Sport-Werk in Interlaken. Bei einer Challenge rund um Skischuhe und Skibindungen waren Schnelligkeit, Geschick und technisches Verst\u00e4ndnis gefragt. Im Rahmen der Kaderpr\u00e4sentation wurde zudem Florian Masaki Ploner vom Skiclub Habkern als \u00abB\u00f6deli-Skirennfahrer der Saison 2025\/26\u00bb ausgezeichnet.<\/strong><\/p>\n\n\n\n<p class=\"wp-block-paragraph\">Vergangene Woche lud B\u00f6deli-Ski seine Kaderfahrerinnen und -fahrer zur traditionellen Kaderpr\u00e4sentation ein. Neben den Nachwuchsathlet:innen nahmen auch deren Eltern, Trainer:innen sowie Vorstandsmitglieder von B\u00f6deli-Ski am Anlass teil. Die Kaderpr\u00e4sentation fand beim langj\u00e4hrigen Sponsor und Ausr\u00fcstungspartner Sport-Werk statt.<\/p>\n\n\n\n<p class=\"wp-block-paragraph\"><strong>Erster Anlass am neuen Standort von Sport-Werk<\/strong><\/p>\n\n\n\n<p class=\"wp-block-paragraph\">Die Kaderpr\u00e4sentation von B\u00f6deli-Ski war zugleich der erste Anlass in den neuen R\u00e4umlichkeiten von Sport-Werk an der Kammistrasse 11 in Interlaken. Die Gastgeber Manuela und Roger M\u00fchlemann erm\u00f6glichten den Anwesenden damit bereits vor dem offiziellen Umzug einen ersten Einblick in den deutlich gr\u00f6sseren Verkaufsraum und die erweiterte Werkstatt.<\/p>\n\n\n\n<p class=\"wp-block-paragraph\">Sport-Werk unterst\u00fctzt B\u00f6deli-Ski bereits seit vielen Jahren als Sponsor und Ausr\u00fcstungspartner. Am neuen Standort werden weiterhin Skivermietung, Bootfitting und ein umfassender Skiservice inklusive Skischleifen angeboten. Offiziell ist Sport-Werk ab dem 21. September 2026 an der Kammistrasse 11 zu finden. Das Re-Opening findet am Samstag, 26. September 2026, statt.&nbsp;<\/p>\n\n\n\n<p class=\"wp-block-paragraph\"><strong>Schnelligkeit und technisches Verst\u00e4ndnis gefragt<\/strong><\/p>\n\n\n\n<p class=\"wp-block-paragraph\">Beim Plauschwettkampf mussten die Jugendlichen zun\u00e4chst mit einem Skischuh in der Hand eine kurze Strecke m\u00f6glichst schnell zur\u00fccklegen. Anschliessend holten sie einen Ski und legten ihn auf die bereitstehende Werkbank. Dort galt es, die Sohlenl\u00e4nge des Skischuhs korrekt abzulesen und die Bindung entsprechend einzustellen. Danach musste der Skischuh in die Bindung eingesetzt und kontrolliert werden, ob der Anpressdruck stimmte. Erst wenn alles korrekt eingestellt war, wurde die Zeit gestoppt.<\/p>\n\n\n\n<p class=\"wp-block-paragraph\">Die Aufgabe verlangte den Athlet:innen nicht nur Schnelligkeit und Geschicklichkeit ab, sondern auch praktisches Wissen \u00fcber das eigene Material. Gleichzeitig erhielten sie einen Einblick in die korrekte Einstellung einer Skibindung.<\/p>\n\n\n\n<p class=\"wp-block-paragraph\">Nach dem Plauschwettkampf folgten die Rangverk\u00fcndigung, die Ehrung und das gemeinsame Teamfoto. Ein kleiner Ap\u00e9ro bot anschliessend Gelegenheit f\u00fcr einen ungezwungenen Austausch zwischen den Athlet:innen, Eltern, Trainer:innen, Vorstandsmitgliedern und den Gastgebern von Sport-Werk.<\/p>\n\n\n\n<p class=\"wp-block-paragraph\"><strong>Erfreuliche Kaderselektionen f\u00fcr die neue Saison<\/strong><\/p>\n\n\n\n<p class=\"wp-block-paragraph\">Im Bereich Ski Alpin ist B\u00f6deli-Ski in der Saison 2026\/27 mit insgesamt 17 Nachwuchsathlet:innen in verschiedenen Kadern vertreten. Eine zentrale Rolle in der Nachwuchsf\u00f6rderung spielt dabei das Region Kader von B\u00f6deli-Ski. Es schafft die Verbindung zwischen dem Youngster-Angebot beziehungsweise den JO-Trainings der Skiclubs und dem RLZ Jungfrau.<\/p>\n\n\n\n<p class=\"wp-block-paragraph\">Dem Regionalkader geh\u00f6ren Leonie Hauser, Emma Endes und Nils Hauser vom Skiclub B\u00f6nigen, Emely Nydegger vom Skiclub Iseltwald, Jago Roborgh, Nevis McCulloch und Leonardo Prince Woland vom Skiclub Wilderswil, Joe Rubi vom Skiclub G\u00fcndlischwand sowie Andrina Heiber und Am\u00e9lie Urfer vom Skiclub Matten an.<\/p>\n\n\n\n<p class=\"wp-block-paragraph\">Sechs weitere Athlet:innen trainieren im RLZ Jungfrau. Stefan Ploner vom Skiclub Habkern, Kai O\u2019Brien vom Skiclub Matten und Oscar Roborgh vom Skiclub Wilderswil geh\u00f6ren dem BOSV-U16-Kader an. Heidi O\u2019Brien und Taylor O\u2019Brien vom Skiclub Matten sowie Celina Dietrich vom Skiclub Leissigen wurden in das RLZ Jungfrau aufgenommen.<\/p>\n\n\n\n<p class=\"wp-block-paragraph\">Florian Ploner vom Skiclub Habkern hat nach seiner erfolgreichen letzten JO-Saison den Schritt ins BOSV-Juniorenkader und damit in den FIS-Bereich geschafft. Vier zus\u00e4tzliche Athlet:innen der B\u00f6deli-Skiclubs sind bei den Skicross BOSV-Junior:innen vertreten.<\/p>\n\n\n\n<p class=\"wp-block-paragraph\"><strong>Skirennsport Alpin auf dem B\u00f6deli mit dem \u00abYoungster\u00bb erleben<\/strong><\/p>\n\n\n\n<p class=\"wp-block-paragraph\">Das <a href=\"https:\/\/boedeli-ski.ch\/?page_id=506\" data-type=\"page\" data-id=\"506\">Youngster-Angebot<\/a> von B\u00f6deli-Ski bildet f\u00fcr viele Kinder den Einstieg in den regionalen Skirennsport. Auch Florian Ploner durchlief diese Ausbildungsstufe und schaffte danach \u00fcber das Regionalkader und das RLZ Jungfrau den Aufstieg ins BOSV JO-Kader und schliesslich in den FIS-Bereich.<\/p>\n\n\n\n<p class=\"wp-block-paragraph\">Mit dem Youngster-Angebot erhalten j\u00fcngere skisportbegeisterte Kinder aus den B\u00f6deli-Skiclubs ein erg\u00e4nzendes Ausbildungsprogramm. Ab Dezember k\u00f6nnen JO-Fahrerinnen und -Fahrer der Jahrg\u00e4nge 2015 bis 2017 insbesondere am Mittwochnachmittag sowie an einigen weiteren Trainingstagen gemeinsam auf dem Schnee trainieren. Die club\u00fcbergreifenden Trainings finden unter der Leitung von B\u00f6deli-Ski statt und erg\u00e4nzen das regul\u00e4re JO-Training im jeweiligen Skiclub.<\/p>\n\n\n\n<p class=\"wp-block-paragraph\">Im Zentrum stehen die Verbesserung der Skitechnik und das Sammeln erster Erfahrungen im Skirennsport. Dadurch wird die Grundlage f\u00fcr einen sp\u00e4teren Aufstieg in das Regionalkader und weitere Trainingsgruppen geschaffen. Die Anmeldungen f\u00fcr die kommende Saison werden im Oktober \u00fcber die B\u00f6deli-Skiclubs entgegengenommen.<\/p>\n\n\n\n<p class=\"wp-block-paragraph\"><strong>Ausblick<\/strong><\/p>\n\n\n\n<p class=\"wp-block-paragraph\">Der n\u00e4chste gemeinsame Anlass ist die <a href=\"https:\/\/boedeli-ski.ch\/wintertime\" data-type=\"page\" data-id=\"35\">29. Wintertime-Party am Sonntag, 25. Oktober 2026<\/a>, bei der Turnhalle Matten. Es gibt ein abwechslungsreiches Programm mit Harassenklettern, Plauschwettkampf, Festwirtschaft und Wintersportb\u00f6rse. Zudem wird \u00fcber das Youngster-Angebot von B\u00f6deli-Ski informiert. Dazu l\u00e4dt B\u00f6deli-Ski alle Mitgliedsskiclubs mit allen ihren JO-Kindern ein und auch alle weiteren Schneesportbegeisterten.\u00a0<\/p>\n\n\n\n<blockquote class=\"wp-block-quote is-layout-flow wp-block-quote-is-layout-flow\">\n<p class=\"has-black-color has-text-color has-link-color wp-elements-1 wp-block-paragraph\"><strong>Anstehende Termine:<\/strong><\/p>\n\n\n\n<p class=\"has-black-color has-text-color has-link-color wp-elements-2 wp-block-paragraph\">Sonntag, 25. Oktober 2026: 29. Wintertime-Party in Matten<\/p>\n\n\n\n<p class=\"has-black-color has-text-color has-link-color wp-elements-3 wp-block-paragraph\">17. &amp; 18. November 2026: FIS-Slaloms im Engetal am Schilthorn<\/p>\n\n\n\n<p class=\"has-black-color has-text-color has-link-color wp-elements-4 wp-block-paragraph\">28. &amp; 29. November 2026: B\u00f6deli-Ski-Modul J+S Fortbildung Leiter:in Skifahren<\/p>\n\n\n\n<p class=\"has-black-color has-text-color has-link-color wp-elements-5 wp-block-paragraph\"><em>Voraussichtlich<\/em>&nbsp;Sonntag, 3. Januar 2027: Swiss Regio Cup, Regionalrennen Slalom<\/p>\n\n\n\n<p class=\"has-black-color has-text-color has-link-color wp-elements-6 wp-block-paragraph\">Sonntag, 10. Januar 2027: Start des Bank EKI Ski Cups, RS Winteregg, SC Leissigen<\/p>\n\n\n\n<p class=\"has-black-color has-text-color has-link-color wp-elements-7 wp-block-paragraph\">Sonntag, 10. Januar 2027: Start des BOSV LEKI JO Cup, Slalom am M\u00e4nnlichen, SC Matten<\/p>\n\n\n\n<p class=\"has-black-color has-text-color has-link-color wp-elements-8 wp-block-paragraph\">26. &amp; 27. Januar 2027: FIS-Riesenslaloms auf der Winteregg<\/p>\n<\/blockquote>\n\n\n\n<p class=\"wp-block-paragraph\"><em>Weitere Informationen sind auf der Webseite von B\u00f6deli-Ski abrufbar. (<a href=\"https:\/\/boedeli-ski.ch\/\" data-type=\"page\" data-id=\"76\">www.boedeli-ski.ch)<\/a><\/em><\/p>\n\n\n\n<p class=\"wp-block-paragraph\"><\/p>\n","protected":false},"excerpt":{"rendered":"<p>Vergangene Woche pr\u00e4sentierten sich die Nachwuchsathlet:innen der B\u00f6deli-Skiclubs in den [&hellip;]<\/p>\n","protected":false},"author":3,"featured_media":8132,"comment_status":"closed","ping_status":"closed","sticky":false,"template":"","format":"standard","meta":{"_jetpack_newsletter_access":"","_jetpack_dont_email_post_to_subs":true,"_jetpack_newsletter_tier_id":0,"_jetpack_memberships_contains_paywalled_content":false,"_jetpack_feature_clip_id":0,"_jetpack_memberships_contains_paid_content":false,"footnotes":"","jetpack_post_was_ever_published":false},"categories":[7,58,66],"tags":[22,24,21,19],"class_list":["post-8127","post","type-post","status-publish","format-standard","has-post-thumbnail","hentry","category-bericht-training","category-newsletter","category-saison-26-27","tag-berner-oberlaendischer-skiverband","tag-boedeli-ski","tag-bosv","tag-region-kader"],"jetpack_sharing_enabled":true,"jetpack_shortlink":"https:\/\/wp.me\/p9y5Fm-275","jetpack_featured_media_url":"https:\/\/i0.wp.com\/boedeli-ski.ch\/wp-content\/uploads\/2026\/08\/Kaderpraesentation_01-scaled-e1788140397882.jpg?fit=2560%2C1280&ssl=1","_links":{"self":[{"href":"https:\/\/boedeli-ski.ch\/index.php?rest_route=\/wp\/v2\/posts\/8127","targetHints":{"allow":["GET"]}}],"collection":[{"href":"https:\/\/boedeli-ski.ch\/index.php?rest_route=\/wp\/v2\/posts"}],"about":[{"href":"https:\/\/boedeli-ski.ch\/index.php?rest_route=\/wp\/v2\/types\/post"}],"author":[{"embeddable":true,"href":"https:\/\/boedeli-ski.ch\/index.php?rest_route=\/wp\/v2\/users\/3"}],"replies":[{"embeddable":true,"href":"https:\/\/boedeli-ski.ch\/index.php?rest_route=%2Fwp%2Fv2%2Fcomments&post=8127"}],"version-history":[{"count":1,"href":"https:\/\/boedeli-ski.ch\/index.php?rest_route=\/wp\/v2\/posts\/8127\/revisions"}],"predecessor-version":[{"id":8139,"href":"https:\/\/boedeli-ski.ch\/index.php?rest_route=\/wp\/v2\/posts\/8127\/revisions\/8139"}],"wp:featuredmedia":[{"embeddable":true,"href":"https:\/\/boedeli-ski.ch\/index.php?rest_route=\/wp\/v2\/media\/8132"}],"wp:attachment":[{"href":"https:\/\/boedeli-ski.ch\/index.php?rest_route=%2Fwp%2Fv2%2Fmedia&parent=8127"}],"wp:term":[{"taxonomy":"category","embeddable":true,"href":"https:\/\/boedeli-ski.ch\/index.php?rest_route=%2Fwp%2Fv2%2Fcategories&post=8127"},{"taxonomy":"post_tag","embeddable":true,"href":"https:\/\/boedeli-ski.ch\/index.php?rest_route=%2Fwp%2Fv2%2Ftags&post=8127"}],"curies":[{"name":"wp","href":"https:\/\/api.w.org\/{rel}","templated":true}]}}