{"id":7366,"date":"2025-08-15T10:01:43","date_gmt":"2025-08-15T09:01:43","guid":{"rendered":"https:\/\/boedeli-ski.ch\/?p=7366"},"modified":"2025-08-15T21:19:19","modified_gmt":"2025-08-15T20:19:19","slug":"stefan-ploner-ist-boedeli-skirennfahrer-der-saison","status":"publish","type":"post","link":"https:\/\/boedeli-ski.ch\/?p=7366","title":{"rendered":"Stefan Ploner ist \u201eB\u00f6deli Skirennfahrer der Saison\u201c"},"content":{"rendered":"\n<p class=\"wp-block-paragraph\">Dank der grossz\u00fcgigen Unterst\u00fctzung unseres Sponsors \u201e<a href=\"https:\/\/www.mobiliar.ch\/generalagenturen\/interlaken-oberhasli\">Die Mobiliar &#8211; Generalagentur Interlaken-Oberhasli<\/a>\u201c konnten wir bereits zum sechsten Mal einen Wanderpreis verleihen. J\u00e4hrlich wird im Rahmen der Kaderpr\u00e4sentation im Namen aller Clubs die Skirennfahrerin oder der Skirennfahrer der abgelaufenen Saison gek\u00fcrt.<\/p>\n\n\n\n<p class=\"wp-block-paragraph\">Nach f\u00fcnf Preistr\u00e4ger:innen in den vergangenen Jahren durfte sich in diesem Jahr <strong>Stefan Ploner vom Skiclub Habkern<\/strong> \u00fcber diese Auszeichnung freuen. Stefan ist einer der Neuaufsteiger in das Kader des Berner Oberl\u00e4ndischen Skiverbands (BOSV) und blickt auf eine beeindruckende Saison zur\u00fcck, in der er an den BOSV-Meisterschaften U14 drei Medaillen gewann, Gold im Riesenslalom und im Super-G sowie Bronze im Slalom. Zudem sicherte er sich den Gesamtsieg im BOSV LEKI JO Cup U14 und z\u00e4hlt schweizweit zu den besten Athleten seines Jahrgangs. Seine sportlichen Stationen f\u00fchrten ihn von der JO des Skiclubs Habkern \u00fcber das Youngster und das Region Kader von B\u00f6deli-Ski bis in das Kader vom RLZ Jungfrau und das JO Kader vom BOSV.<\/p>\n\n\n\n<p class=\"wp-block-paragraph\">Jessica Fuhrer, Leiterin Verkaufssupport der <a href=\"https:\/\/www.mobiliar.ch\/generalagenturen\/interlaken-oberhasli\">Mobiliar Generalagentur Interlaken-Oberhasli<\/a>, \u00fcberreichte den Preis pers\u00f6nlich, w\u00fcrdigte Stefans herausragende Leistungen, erinnerte die Anwesenden an seine Erfolge und w\u00fcnschte ihm sowie allen jungen Skirennfahrerinnen und Skirennfahrern viel Erfolg f\u00fcr die weitere Vorbereitung und die bevorstehende Saison.<br><\/p>\n","protected":false},"excerpt":{"rendered":"<p>Dank der grossz\u00fcgigen Unterst\u00fctzung unseres Sponsors \u201eDie Mobiliar &#8211; Generalagentur [&hellip;]<\/p>\n","protected":false},"author":3,"featured_media":7367,"comment_status":"closed","ping_status":"closed","sticky":false,"template":"","format":"standard","meta":{"_crdt_document":"","jetpack_post_was_ever_published":false,"_jetpack_newsletter_access":"","_jetpack_dont_email_post_to_subs":false,"_jetpack_newsletter_tier_id":0,"_jetpack_memberships_contains_paywalled_content":false,"_jetpack_memberships_contains_paid_content":false,"footnotes":""},"categories":[7,58,62],"tags":[22,24,21],"class_list":["post-7366","post","type-post","status-publish","format-standard","has-post-thumbnail","hentry","category-bericht-training","category-newsletter","category-saison-25-26","tag-berner-oberlaendischer-skiverband","tag-boedeli-ski","tag-bosv"],"jetpack_featured_media_url":"https:\/\/i0.wp.com\/boedeli-ski.ch\/wp-content\/uploads\/2025\/08\/IMG_5689-scaled.jpg?fit=2560%2C1400&ssl=1","jetpack_sharing_enabled":true,"jetpack_shortlink":"https:\/\/wp.me\/p9y5Fm-1UO","_links":{"self":[{"href":"https:\/\/boedeli-ski.ch\/index.php?rest_route=\/wp\/v2\/posts\/7366","targetHints":{"allow":["GET"]}}],"collection":[{"href":"https:\/\/boedeli-ski.ch\/index.php?rest_route=\/wp\/v2\/posts"}],"about":[{"href":"https:\/\/boedeli-ski.ch\/index.php?rest_route=\/wp\/v2\/types\/post"}],"author":[{"embeddable":true,"href":"https:\/\/boedeli-ski.ch\/index.php?rest_route=\/wp\/v2\/users\/3"}],"replies":[{"embeddable":true,"href":"https:\/\/boedeli-ski.ch\/index.php?rest_route=%2Fwp%2Fv2%2Fcomments&post=7366"}],"version-history":[{"count":2,"href":"https:\/\/boedeli-ski.ch\/index.php?rest_route=\/wp\/v2\/posts\/7366\/revisions"}],"predecessor-version":[{"id":7369,"href":"https:\/\/boedeli-ski.ch\/index.php?rest_route=\/wp\/v2\/posts\/7366\/revisions\/7369"}],"wp:featuredmedia":[{"embeddable":true,"href":"https:\/\/boedeli-ski.ch\/index.php?rest_route=\/wp\/v2\/media\/7367"}],"wp:attachment":[{"href":"https:\/\/boedeli-ski.ch\/index.php?rest_route=%2Fwp%2Fv2%2Fmedia&parent=7366"}],"wp:term":[{"taxonomy":"category","embeddable":true,"href":"https:\/\/boedeli-ski.ch\/index.php?rest_route=%2Fwp%2Fv2%2Fcategories&post=7366"},{"taxonomy":"post_tag","embeddable":true,"href":"https:\/\/boedeli-ski.ch\/index.php?rest_route=%2Fwp%2Fv2%2Ftags&post=7366"}],"curies":[{"name":"wp","href":"https:\/\/api.w.org\/{rel}","templated":true}]}}