{"id":6875,"date":"2024-09-26T16:31:02","date_gmt":"2024-09-26T15:31:02","guid":{"rendered":"https:\/\/boedeli-ski.ch\/?p=6875"},"modified":"2024-09-28T09:55:52","modified_gmt":"2024-09-28T08:55:52","slug":"florian-ploner-ist-skirennfahrer-der-saison","status":"publish","type":"post","link":"https:\/\/boedeli-ski.ch\/?p=6875","title":{"rendered":"Florian Ploner ist Skirennfahrer der Saison!"},"content":{"rendered":"\n<p class=\"wp-block-paragraph\"><strong>Am Mittwoch, 25. September 2024, wurde Florian Ploner, Skiclub Habkern, f\u00fcr die Saison 2023-24 zum B\u00f6deli-Skirennfahrer der Saison gek\u00fcrt. B\u00f6deli-Ski zeichnete gemeinsam mit der Mobiliar Generalagentur Interlaken-Oberhasli ihn aufgrund seiner Leistungen zum Skirennfahrer der vergangen Saison aus.<\/strong><\/p>\n\n\n\n<p class=\"wp-block-paragraph\">Dank der Unterst\u00fctzung unseres Sponsors \u201e<a href=\"https:\/\/www.mobiliar.ch\/generalagenturen\/interlaken-oberhasli\">Die Mobiliar \u2013 Generalagentur Interlaken-Oberhasli<\/a>\u201c durften wir bereits zum f\u00fcnften Jahr in Folge einen Wanderpreis verleihen. J\u00e4hrlich wird im Namen aller Clubs die Skirennfahrerin oder der Skirennfahrer der abgelaufenen Saison gek\u00fcrt. Nach Michelle Hurni, Gian Adank, Janette Brunner und No\u00eblle M\u00fchlheim wurde dieses Jahr Florian Ploner, Skiclub Habkern, diese Ehre zu teil. Erstmals schaffte ein Nachwuchsfahrer aus der JO-Kategorie diese Auszeichnung. Dies insbesondere f\u00fcr seine Resultate von letzter Saison und der Selektion in das BOSV JO Kader. Dies ist eine Auswahl der besten U16 Alpinfahrer im Berner Oberland.<\/p>\n\n\n\n<p class=\"wp-block-paragraph\">Florian Ploner, Mitglied des Skiclub Habkern durchlief alle Ebenen des Skisport in der Region: die Renngruppe vom Skiclub Habkern, Youngster und Region Kader bei B\u00f6deli-Ski, dem RLZ Kader Jungfrau und jetzt Athlet im BOSV JO Kader. Zus\u00e4tzlich begann er im August am Gymnasium Interlaken die gymnasiale Maturit\u00e4t und wird dort den schulischen Weg weiterf\u00fchren.<\/p>\n\n\n\n<p class=\"wp-block-paragraph\">Jessica Fuhrer, Leiterin Verkaufssupport der Mobiliar, Generalagentur Interlaken-Oberhasli, \u00fcbergab den Preis auf der Gesch\u00e4ftsstelle in Unterseen und w\u00fcnschte ihm, sowie allen weiteren jungen Skirennfahrerinnen und Skirennfahrern alles Gute f\u00fcr die laufende Vorbereitung und die kommende Saison.<\/p>\n\n\n\n<figure class=\"wp-block-image size-large\"><img data-recalc-dims=\"1\" loading=\"lazy\" decoding=\"async\" width=\"810\" height=\"608\" src=\"https:\/\/i0.wp.com\/boedeli-ski.ch\/wp-content\/uploads\/2024\/09\/Florian-Ploner_Mobi.jpg?resize=810%2C608&#038;ssl=1\" alt=\"\" class=\"wp-image-6880\" srcset=\"https:\/\/i0.wp.com\/boedeli-ski.ch\/wp-content\/uploads\/2024\/09\/Florian-Ploner_Mobi-scaled.jpg?resize=1024%2C768&amp;ssl=1 1024w, https:\/\/i0.wp.com\/boedeli-ski.ch\/wp-content\/uploads\/2024\/09\/Florian-Ploner_Mobi-scaled.jpg?resize=300%2C225&amp;ssl=1 300w, https:\/\/i0.wp.com\/boedeli-ski.ch\/wp-content\/uploads\/2024\/09\/Florian-Ploner_Mobi-scaled.jpg?resize=768%2C576&amp;ssl=1 768w, https:\/\/i0.wp.com\/boedeli-ski.ch\/wp-content\/uploads\/2024\/09\/Florian-Ploner_Mobi-scaled.jpg?resize=1536%2C1152&amp;ssl=1 1536w, https:\/\/i0.wp.com\/boedeli-ski.ch\/wp-content\/uploads\/2024\/09\/Florian-Ploner_Mobi-scaled.jpg?resize=2048%2C1536&amp;ssl=1 2048w, https:\/\/i0.wp.com\/boedeli-ski.ch\/wp-content\/uploads\/2024\/09\/Florian-Ploner_Mobi-scaled.jpg?resize=360%2C270&amp;ssl=1 360w, https:\/\/i0.wp.com\/boedeli-ski.ch\/wp-content\/uploads\/2024\/09\/Florian-Ploner_Mobi-scaled.jpg?resize=80%2C60&amp;ssl=1 80w, https:\/\/i0.wp.com\/boedeli-ski.ch\/wp-content\/uploads\/2024\/09\/Florian-Ploner_Mobi-scaled.jpg?w=1620&amp;ssl=1 1620w, https:\/\/i0.wp.com\/boedeli-ski.ch\/wp-content\/uploads\/2024\/09\/Florian-Ploner_Mobi-scaled.jpg?w=2430&amp;ssl=1 2430w\" sizes=\"auto, (max-width: 810px) 100vw, 810px\" \/><\/figure>\n","protected":false},"excerpt":{"rendered":"<p>Am Mittwoch, 25. September 2024, wurde Florian Ploner, Skiclub Habkern, [&hellip;]<\/p>\n","protected":false},"author":3,"featured_media":6878,"comment_status":"closed","ping_status":"closed","sticky":false,"template":"","format":"standard","meta":{"_crdt_document":"","jetpack_post_was_ever_published":false,"_jetpack_newsletter_access":"","_jetpack_dont_email_post_to_subs":false,"_jetpack_newsletter_tier_id":0,"_jetpack_memberships_contains_paywalled_content":false,"_jetpack_memberships_contains_paid_content":false,"footnotes":""},"categories":[7,58,60],"tags":[22,24,21],"class_list":["post-6875","post","type-post","status-publish","format-standard","has-post-thumbnail","hentry","category-bericht-training","category-newsletter","category-saison-24-25","tag-berner-oberlaendischer-skiverband","tag-boedeli-ski","tag-bosv"],"jetpack_featured_media_url":"https:\/\/i0.wp.com\/boedeli-ski.ch\/wp-content\/uploads\/2024\/09\/Florian-Ploner_Mobi_Web_b_2-1.jpg?fit=1831%2C915&ssl=1","jetpack_sharing_enabled":true,"jetpack_shortlink":"https:\/\/wp.me\/p9y5Fm-1MT","_links":{"self":[{"href":"https:\/\/boedeli-ski.ch\/index.php?rest_route=\/wp\/v2\/posts\/6875","targetHints":{"allow":["GET"]}}],"collection":[{"href":"https:\/\/boedeli-ski.ch\/index.php?rest_route=\/wp\/v2\/posts"}],"about":[{"href":"https:\/\/boedeli-ski.ch\/index.php?rest_route=\/wp\/v2\/types\/post"}],"author":[{"embeddable":true,"href":"https:\/\/boedeli-ski.ch\/index.php?rest_route=\/wp\/v2\/users\/3"}],"replies":[{"embeddable":true,"href":"https:\/\/boedeli-ski.ch\/index.php?rest_route=%2Fwp%2Fv2%2Fcomments&post=6875"}],"version-history":[{"count":8,"href":"https:\/\/boedeli-ski.ch\/index.php?rest_route=\/wp\/v2\/posts\/6875\/revisions"}],"predecessor-version":[{"id":6890,"href":"https:\/\/boedeli-ski.ch\/index.php?rest_route=\/wp\/v2\/posts\/6875\/revisions\/6890"}],"wp:featuredmedia":[{"embeddable":true,"href":"https:\/\/boedeli-ski.ch\/index.php?rest_route=\/wp\/v2\/media\/6878"}],"wp:attachment":[{"href":"https:\/\/boedeli-ski.ch\/index.php?rest_route=%2Fwp%2Fv2%2Fmedia&parent=6875"}],"wp:term":[{"taxonomy":"category","embeddable":true,"href":"https:\/\/boedeli-ski.ch\/index.php?rest_route=%2Fwp%2Fv2%2Fcategories&post=6875"},{"taxonomy":"post_tag","embeddable":true,"href":"https:\/\/boedeli-ski.ch\/index.php?rest_route=%2Fwp%2Fv2%2Ftags&post=6875"}],"curies":[{"name":"wp","href":"https:\/\/api.w.org\/{rel}","templated":true}]}}