{"id":6820,"date":"2024-03-24T07:02:24","date_gmt":"2024-03-24T06:02:24","guid":{"rendered":"https:\/\/boedeli-ski.ch\/?p=6820"},"modified":"2024-08-04T07:07:35","modified_gmt":"2024-08-04T06:07:35","slug":"stefan-ploner-gewinnt-das-combi-race-am-grand-prix-migros-final","status":"publish","type":"post","link":"https:\/\/boedeli-ski.ch\/?p=6820","title":{"rendered":"Stefan Ploner gewinnt das Combi-Race am Grand Prix Migros Final"},"content":{"rendered":"\n<p class=\"wp-block-paragraph\"><strong>Anl\u00e4sslich des Grand Prix Migros Finals am Hoch-Ybrig an diesem Wochenende (23. &amp; 24. M\u00e4rz 2024) gab es beim Skiclub Habkern und Stefan Ploner etwas zu bejubeln. Der 12-j\u00e4hrige Stefan Ploner konnte in der Disziplin Combi-Race den ersten Platz ergattern, am vorderen Tag im Riesenslalom wurde er noch 8. Beim Grand Prix Migros Final kommen alle Kinder zusammen, die sich in einem der 11 Ausscheidungsrennen f\u00fcr den Schweizerfinal qualifizierten. Dieses Jahr fand der Final bei Sonne, Schnee und Regen am Hoch-Ybrig statt.<\/strong><\/p>\n\n\n\n<div class=\"wp-block-jetpack-slideshow aligncenter\" data-effect=\"slide\"><div class=\"wp-block-jetpack-slideshow_container swiper-container\"><ul class=\"wp-block-jetpack-slideshow_swiper-wrapper swiper-wrapper\"><li class=\"wp-block-jetpack-slideshow_slide swiper-slide\"><figure><img data-recalc-dims=\"1\" loading=\"lazy\" decoding=\"async\" width=\"768\" height=\"1024\" alt=\"\" class=\"wp-block-jetpack-slideshow_image wp-image-6775\" data-id=\"6775\" src=\"https:\/\/i0.wp.com\/boedeli-ski.ch\/wp-content\/uploads\/2024\/03\/24-03-24_Migros-GrandPrix-Final-2024-2.jpg?resize=768%2C1024&#038;ssl=1\" srcset=\"https:\/\/i0.wp.com\/boedeli-ski.ch\/wp-content\/uploads\/2024\/03\/24-03-24_Migros-GrandPrix-Final-2024-2.jpg?resize=768%2C1024&amp;ssl=1 768w, https:\/\/i0.wp.com\/boedeli-ski.ch\/wp-content\/uploads\/2024\/03\/24-03-24_Migros-GrandPrix-Final-2024-2.jpg?resize=225%2C300&amp;ssl=1 225w, https:\/\/i0.wp.com\/boedeli-ski.ch\/wp-content\/uploads\/2024\/03\/24-03-24_Migros-GrandPrix-Final-2024-2.jpg?w=976&amp;ssl=1 976w\" sizes=\"(max-width: 768px) 100vw, 768px\" \/><figcaption class=\"wp-block-jetpack-slideshow_caption gallery-caption\">Stefan Ploner (SC Habkern), Sieger in der Kategorie \u00abKnaben 2011\u00bb nach der Rangverk\u00fcndigung am Grand Prix Migros Final am Hoch-Ybrig<\/figcaption><\/figure><\/li><li class=\"wp-block-jetpack-slideshow_slide swiper-slide\"><figure><img data-recalc-dims=\"1\" loading=\"lazy\" decoding=\"async\" width=\"768\" height=\"1024\" alt=\"\" class=\"wp-block-jetpack-slideshow_image wp-image-6780\" data-id=\"6780\" src=\"https:\/\/i0.wp.com\/boedeli-ski.ch\/wp-content\/uploads\/2024\/03\/24-03-24_Migros-GrandPrix-Final-2024-11.jpg?resize=768%2C1024&#038;ssl=1\" srcset=\"https:\/\/i0.wp.com\/boedeli-ski.ch\/wp-content\/uploads\/2024\/03\/24-03-24_Migros-GrandPrix-Final-2024-11.jpg?resize=768%2C1024&amp;ssl=1 768w, https:\/\/i0.wp.com\/boedeli-ski.ch\/wp-content\/uploads\/2024\/03\/24-03-24_Migros-GrandPrix-Final-2024-11.jpg?resize=225%2C300&amp;ssl=1 225w, https:\/\/i0.wp.com\/boedeli-ski.ch\/wp-content\/uploads\/2024\/03\/24-03-24_Migros-GrandPrix-Final-2024-11.jpg?w=806&amp;ssl=1 806w\" sizes=\"(max-width: 768px) 100vw, 768px\" \/><\/figure><\/li><li class=\"wp-block-jetpack-slideshow_slide swiper-slide\"><figure><img data-recalc-dims=\"1\" loading=\"lazy\" decoding=\"async\" width=\"810\" height=\"608\" alt=\"\" class=\"wp-block-jetpack-slideshow_image wp-image-6779\" data-id=\"6779\" src=\"https:\/\/i0.wp.com\/boedeli-ski.ch\/wp-content\/uploads\/2024\/03\/24-03-24_Migros-GrandPrix-Final-2024-10.jpg?resize=810%2C608&#038;ssl=1\" srcset=\"https:\/\/i0.wp.com\/boedeli-ski.ch\/wp-content\/uploads\/2024\/03\/24-03-24_Migros-GrandPrix-Final-2024-10.jpg?resize=1024%2C768&amp;ssl=1 1024w, https:\/\/i0.wp.com\/boedeli-ski.ch\/wp-content\/uploads\/2024\/03\/24-03-24_Migros-GrandPrix-Final-2024-10.jpg?resize=300%2C225&amp;ssl=1 300w, https:\/\/i0.wp.com\/boedeli-ski.ch\/wp-content\/uploads\/2024\/03\/24-03-24_Migros-GrandPrix-Final-2024-10.jpg?resize=768%2C576&amp;ssl=1 768w, https:\/\/i0.wp.com\/boedeli-ski.ch\/wp-content\/uploads\/2024\/03\/24-03-24_Migros-GrandPrix-Final-2024-10.jpg?resize=360%2C270&amp;ssl=1 360w, https:\/\/i0.wp.com\/boedeli-ski.ch\/wp-content\/uploads\/2024\/03\/24-03-24_Migros-GrandPrix-Final-2024-10.jpg?resize=80%2C60&amp;ssl=1 80w, https:\/\/i0.wp.com\/boedeli-ski.ch\/wp-content\/uploads\/2024\/03\/24-03-24_Migros-GrandPrix-Final-2024-10.jpg?w=1176&amp;ssl=1 1176w\" sizes=\"(max-width: 810px) 100vw, 810px\" \/><\/figure><\/li><li class=\"wp-block-jetpack-slideshow_slide swiper-slide\"><figure><img data-recalc-dims=\"1\" loading=\"lazy\" decoding=\"async\" width=\"810\" height=\"608\" alt=\"\" class=\"wp-block-jetpack-slideshow_image wp-image-6777\" data-id=\"6777\" src=\"https:\/\/i0.wp.com\/boedeli-ski.ch\/wp-content\/uploads\/2024\/03\/24-03-24_Migros-GrandPrix-Final-2024-7.jpg?resize=810%2C608&#038;ssl=1\" srcset=\"https:\/\/i0.wp.com\/boedeli-ski.ch\/wp-content\/uploads\/2024\/03\/24-03-24_Migros-GrandPrix-Final-2024-7.jpg?resize=1024%2C768&amp;ssl=1 1024w, https:\/\/i0.wp.com\/boedeli-ski.ch\/wp-content\/uploads\/2024\/03\/24-03-24_Migros-GrandPrix-Final-2024-7.jpg?resize=300%2C225&amp;ssl=1 300w, https:\/\/i0.wp.com\/boedeli-ski.ch\/wp-content\/uploads\/2024\/03\/24-03-24_Migros-GrandPrix-Final-2024-7.jpg?resize=768%2C576&amp;ssl=1 768w, https:\/\/i0.wp.com\/boedeli-ski.ch\/wp-content\/uploads\/2024\/03\/24-03-24_Migros-GrandPrix-Final-2024-7.jpg?resize=1536%2C1152&amp;ssl=1 1536w, https:\/\/i0.wp.com\/boedeli-ski.ch\/wp-content\/uploads\/2024\/03\/24-03-24_Migros-GrandPrix-Final-2024-7.jpg?resize=360%2C270&amp;ssl=1 360w, https:\/\/i0.wp.com\/boedeli-ski.ch\/wp-content\/uploads\/2024\/03\/24-03-24_Migros-GrandPrix-Final-2024-7.jpg?resize=80%2C60&amp;ssl=1 80w, https:\/\/i0.wp.com\/boedeli-ski.ch\/wp-content\/uploads\/2024\/03\/24-03-24_Migros-GrandPrix-Final-2024-7.jpg?w=1600&amp;ssl=1 1600w\" sizes=\"(max-width: 810px) 100vw, 810px\" \/><figcaption class=\"wp-block-jetpack-slideshow_caption gallery-caption\">Die Skiclubs Siebnen und Altendorf organisierten bei herausfordernden Wetterbedingungen ein tolles Rennwochenende f\u00fcr rund 800 Kinder und Jugendliche aus der ganzen Schweiz<\/figcaption><\/figure><\/li><li class=\"wp-block-jetpack-slideshow_slide swiper-slide\"><figure><img data-recalc-dims=\"1\" loading=\"lazy\" decoding=\"async\" width=\"768\" height=\"1024\" alt=\"\" class=\"wp-block-jetpack-slideshow_image wp-image-6776\" data-id=\"6776\" src=\"https:\/\/i0.wp.com\/boedeli-ski.ch\/wp-content\/uploads\/2024\/03\/24-03-24_Migros-GrandPrix-Final-2024-5.jpg?resize=768%2C1024&#038;ssl=1\" srcset=\"https:\/\/i0.wp.com\/boedeli-ski.ch\/wp-content\/uploads\/2024\/03\/24-03-24_Migros-GrandPrix-Final-2024-5.jpg?resize=768%2C1024&amp;ssl=1 768w, https:\/\/i0.wp.com\/boedeli-ski.ch\/wp-content\/uploads\/2024\/03\/24-03-24_Migros-GrandPrix-Final-2024-5.jpg?resize=225%2C300&amp;ssl=1 225w, https:\/\/i0.wp.com\/boedeli-ski.ch\/wp-content\/uploads\/2024\/03\/24-03-24_Migros-GrandPrix-Final-2024-5.jpg?resize=1152%2C1536&amp;ssl=1 1152w, https:\/\/i0.wp.com\/boedeli-ski.ch\/wp-content\/uploads\/2024\/03\/24-03-24_Migros-GrandPrix-Final-2024-5.jpg?w=1200&amp;ssl=1 1200w\" sizes=\"(max-width: 768px) 100vw, 768px\" \/><\/figure><\/li><\/ul><a class=\"wp-block-jetpack-slideshow_button-prev swiper-button-prev swiper-button-white\" role=\"button\"><\/a><a class=\"wp-block-jetpack-slideshow_button-next swiper-button-next swiper-button-white\" role=\"button\"><\/a><a aria-label=\"Pause Slideshow\" class=\"wp-block-jetpack-slideshow_button-pause\" role=\"button\"><\/a><div class=\"wp-block-jetpack-slideshow_pagination swiper-pagination swiper-pagination-white\"><\/div><\/div><\/div>\n\n\n\n<p class=\"wp-block-paragraph\">Dort, wo Wendy Holdener einst ihre ersten Schw\u00fcnge auf den Schnee zauberte, machte sich nun der Schweizer Ski-Nachwuchs auf, in die Spuren der zweifachen Kombinations-Weltmeisterin zu treten. Vom 22. bis 24. M\u00e4rz 2024 k\u00e4mpften die Jugendlichen am Hoch-Ybrig um den Gesamtsieg.&nbsp;&nbsp;An diesen Rennen erlebten die Fahrerinnen und Fahrer und deren Eltern und Unterst\u00fctzer alle m\u00f6glichen Wettervarianten. Von Sonnenschein am Freitag, Regen und Wind am Samstag und Schneefall am Sonntag war alles vorhanden.<\/p>\n\n\n\n<p class=\"wp-block-paragraph\">Dabei nutze am Sonntag Stefan Ploner (Skiclub Habkern) seine Chance und gewann in seiner Kategorie den Grand Prix Migros Final. Er setze sich in der Disziplin Combi-Race Technik,&nbsp;welche einer Mischform zwischen Slalom und Riesenslalom entspricht, gegen seine 49 Alterskollegen durch und gewann vor Dario von Panta (Scharans) und Mael Wagner (Mauren FL). Am Samstag des Finalwochenendes fand der Riesenslalom statt, bei welchem Stefan Ploner auf den guten 8. Rang fuhr.<\/p>\n\n\n\n<p class=\"wp-block-paragraph\">Nun geht es bereits n\u00e4chstes Wochenende an das Saisonfinale des BOSV LEKI JO Cups an den Hasliberg. Dort wird in der Disziplin Parallelslalom um den letzten Sieg der Saison 2023-24 gek\u00e4mpft und die Gesamtsiegerinnen und Gesamtsieger des BOSV LEKI JO Cups erkoren. Dies ist die Nachwuchscupserie im Rahmen von Punkterennen im Berner Oberland.<\/p>\n","protected":false},"excerpt":{"rendered":"<p>Anl\u00e4sslich des Grand Prix Migros Finals am Hoch-Ybrig an diesem [&hellip;]<\/p>\n","protected":false},"author":3,"featured_media":6774,"comment_status":"closed","ping_status":"closed","sticky":false,"template":"","format":"standard","meta":{"_crdt_document":"","jetpack_post_was_ever_published":false,"_jetpack_newsletter_access":"","_jetpack_dont_email_post_to_subs":true,"_jetpack_newsletter_tier_id":0,"_jetpack_memberships_contains_paywalled_content":false,"_jetpack_memberships_contains_paid_content":false,"footnotes":""},"categories":[7,54],"tags":[22,24,21,19,43],"class_list":["post-6820","post","type-post","status-publish","format-standard","has-post-thumbnail","hentry","category-bericht-training","category-saison-23-24","tag-berner-oberlaendischer-skiverband","tag-boedeli-ski","tag-bosv","tag-region-kader","tag-swiss-ski"],"jetpack_featured_media_url":"https:\/\/i0.wp.com\/boedeli-ski.ch\/wp-content\/uploads\/2024\/03\/24-03-24_Migros-GrandPrix-Final-2024-1-e1722751468346.jpg?fit=1043%2C521&ssl=1","jetpack_sharing_enabled":true,"jetpack_shortlink":"https:\/\/wp.me\/p9y5Fm-1M0","_links":{"self":[{"href":"https:\/\/boedeli-ski.ch\/index.php?rest_route=\/wp\/v2\/posts\/6820","targetHints":{"allow":["GET"]}}],"collection":[{"href":"https:\/\/boedeli-ski.ch\/index.php?rest_route=\/wp\/v2\/posts"}],"about":[{"href":"https:\/\/boedeli-ski.ch\/index.php?rest_route=\/wp\/v2\/types\/post"}],"author":[{"embeddable":true,"href":"https:\/\/boedeli-ski.ch\/index.php?rest_route=\/wp\/v2\/users\/3"}],"replies":[{"embeddable":true,"href":"https:\/\/boedeli-ski.ch\/index.php?rest_route=%2Fwp%2Fv2%2Fcomments&post=6820"}],"version-history":[{"count":1,"href":"https:\/\/boedeli-ski.ch\/index.php?rest_route=\/wp\/v2\/posts\/6820\/revisions"}],"predecessor-version":[{"id":6821,"href":"https:\/\/boedeli-ski.ch\/index.php?rest_route=\/wp\/v2\/posts\/6820\/revisions\/6821"}],"wp:featuredmedia":[{"embeddable":true,"href":"https:\/\/boedeli-ski.ch\/index.php?rest_route=\/wp\/v2\/media\/6774"}],"wp:attachment":[{"href":"https:\/\/boedeli-ski.ch\/index.php?rest_route=%2Fwp%2Fv2%2Fmedia&parent=6820"}],"wp:term":[{"taxonomy":"category","embeddable":true,"href":"https:\/\/boedeli-ski.ch\/index.php?rest_route=%2Fwp%2Fv2%2Fcategories&post=6820"},{"taxonomy":"post_tag","embeddable":true,"href":"https:\/\/boedeli-ski.ch\/index.php?rest_route=%2Fwp%2Fv2%2Ftags&post=6820"}],"curies":[{"name":"wp","href":"https:\/\/api.w.org\/{rel}","templated":true}]}}