{"id":6816,"date":"2024-03-24T06:52:19","date_gmt":"2024-03-24T05:52:19","guid":{"rendered":"https:\/\/boedeli-ski.ch\/?p=6816"},"modified":"2024-08-04T07:01:45","modified_gmt":"2024-08-04T06:01:45","slug":"joel-jaggi-ist-erneut-amateur-schweizermeister-ski-alpin","status":"publish","type":"post","link":"https:\/\/boedeli-ski.ch\/?p=6816","title":{"rendered":"Joel Jaggi ist erneut Amateur-Schweizermeister Ski Alpin"},"content":{"rendered":"\n<p class=\"wp-block-paragraph\"><strong>Anl\u00e4sslich des Saisonfinale des Regionalrennsport verteidigte Joel Jaggi (SC Matten) am Sonntag, 24. M\u00e4rz 2024 seinen letztj\u00e4hrigen Amateur-Schweizermeistertitel bei den Junioren. Mike Oesch und Marc Gehrig (beide SC B\u00e4rgchutze) erzielten mit dem 2. und 3. Rang bei den Herren ebenfalls ein Glanzresultat. Bei nebligem Wetter aber sehr guten Pistenbedingungen standen drei Riesenslalomrennen auf der Piste des Skirennzentrums Hasliberg auf dem Programm, wovon dann aufgrund des Nebels und des Windes nur die Schweizermeisterschaft durchgef\u00fchrt werden konnte.<\/strong><\/p>\n\n\n\n<figure class=\"wp-block-image size-large\"><img data-recalc-dims=\"1\" loading=\"lazy\" decoding=\"async\" width=\"768\" height=\"1024\" src=\"https:\/\/i0.wp.com\/boedeli-ski.ch\/wp-content\/uploads\/2024\/08\/Foto-1.jpg?resize=768%2C1024&#038;ssl=1\" alt=\"\" class=\"wp-image-6817\" srcset=\"https:\/\/i0.wp.com\/boedeli-ski.ch\/wp-content\/uploads\/2024\/08\/Foto-1-scaled.jpg?resize=768%2C1024&amp;ssl=1 768w, https:\/\/i0.wp.com\/boedeli-ski.ch\/wp-content\/uploads\/2024\/08\/Foto-1-scaled.jpg?resize=225%2C300&amp;ssl=1 225w, https:\/\/i0.wp.com\/boedeli-ski.ch\/wp-content\/uploads\/2024\/08\/Foto-1-scaled.jpg?resize=1152%2C1536&amp;ssl=1 1152w, https:\/\/i0.wp.com\/boedeli-ski.ch\/wp-content\/uploads\/2024\/08\/Foto-1-scaled.jpg?resize=1536%2C2048&amp;ssl=1 1536w, https:\/\/i0.wp.com\/boedeli-ski.ch\/wp-content\/uploads\/2024\/08\/Foto-1-scaled.jpg?w=1920&amp;ssl=1 1920w, https:\/\/i0.wp.com\/boedeli-ski.ch\/wp-content\/uploads\/2024\/08\/Foto-1-scaled.jpg?w=1620&amp;ssl=1 1620w\" sizes=\"auto, (max-width: 768px) 100vw, 768px\" \/><figcaption class=\"wp-element-caption\">Das Podest der Junioren Amateur Schweizermeisterschaft: Silvan Briker, Joel Jaggi und Elias Muheim (v.l.n.r.)<\/figcaption><\/figure>\n\n\n\n<p class=\"wp-block-paragraph\">Trotz der sehr guten Unterlage auf der Rennpiste im Skirennzentrum Hasliberg wurden die drei Abschlussrennen des nationalen Swiss Regio Cups durch den Nebel, den Schneefall und den starken Windb\u00f6en f\u00fcr die Crew des Skirennzentrums Hasliberg schwieriger als erhofft. Der Start wurde um 3h nach hinten verschoben und anschliessend konnte die Amateur Schweizermeisterschaft bei guter Sicht stattfinden. Kurz nach der Besichtigung des zweiten Rennens kam der Nebel mit starkem Wind wieder auf und verunm\u00f6glichte die zwei weiteren Rennen. Der durchgef\u00fchrte Riesenslalom z\u00e4hlte als Finalrennen zum nationalen Swiss Regio Cup und zum regionalen BOSV Raiffeisen Berner Cup. \u00abIm Berner Oberland die Saison mit der Amateur-Schweizermeisterschaft abzuschliessen und gegen die Kollegen Skirennen zu bestreiten \u2018f\u00e4gt\u2019 einfach\u00bb, so der frisch gek\u00fcrte Junioren Amateur-Schweizermeister Joel Jaggi. Er konnte seinen letztj\u00e4hrigen Schweizermeistertitel verteidigen und gewann knapp vor Silvan Briker (SC Attinghausen) und Elias Muheim (SC Beckenried-Klewenalp). Die rund 85 gestarteten Fahrer:innen bestreiten regelm\u00e4ssig Rennen auf Stufe Regionalrennsport. Nebst Joel Jaggi konnte sich bei den Damen Nadine Langenegger (SC Ulisbach), bei den Herren Dominik Bischof (SC Bischofsberg) und bei den Juniorinnen Katja von Siebenthal (SC Gstaad) durchsetzen.<\/p>\n\n\n\n<figure class=\"wp-block-image size-large\"><img data-recalc-dims=\"1\" loading=\"lazy\" decoding=\"async\" width=\"810\" height=\"608\" src=\"https:\/\/i0.wp.com\/boedeli-ski.ch\/wp-content\/uploads\/2024\/08\/Foto-2.jpg?resize=810%2C608&#038;ssl=1\" alt=\"\" class=\"wp-image-6818\" srcset=\"https:\/\/i0.wp.com\/boedeli-ski.ch\/wp-content\/uploads\/2024\/08\/Foto-2-scaled.jpg?resize=1024%2C768&amp;ssl=1 1024w, https:\/\/i0.wp.com\/boedeli-ski.ch\/wp-content\/uploads\/2024\/08\/Foto-2-scaled.jpg?resize=300%2C225&amp;ssl=1 300w, https:\/\/i0.wp.com\/boedeli-ski.ch\/wp-content\/uploads\/2024\/08\/Foto-2-scaled.jpg?resize=768%2C576&amp;ssl=1 768w, https:\/\/i0.wp.com\/boedeli-ski.ch\/wp-content\/uploads\/2024\/08\/Foto-2-scaled.jpg?resize=1536%2C1152&amp;ssl=1 1536w, https:\/\/i0.wp.com\/boedeli-ski.ch\/wp-content\/uploads\/2024\/08\/Foto-2-scaled.jpg?resize=2048%2C1536&amp;ssl=1 2048w, https:\/\/i0.wp.com\/boedeli-ski.ch\/wp-content\/uploads\/2024\/08\/Foto-2-scaled.jpg?resize=360%2C270&amp;ssl=1 360w, https:\/\/i0.wp.com\/boedeli-ski.ch\/wp-content\/uploads\/2024\/08\/Foto-2-scaled.jpg?resize=80%2C60&amp;ssl=1 80w, https:\/\/i0.wp.com\/boedeli-ski.ch\/wp-content\/uploads\/2024\/08\/Foto-2-scaled.jpg?w=1620&amp;ssl=1 1620w, https:\/\/i0.wp.com\/boedeli-ski.ch\/wp-content\/uploads\/2024\/08\/Foto-2-scaled.jpg?w=2430&amp;ssl=1 2430w\" sizes=\"auto, (max-width: 810px) 100vw, 810px\" \/><figcaption class=\"wp-element-caption\">Bei nebligem Wetter aber sehr guten Pistenbedingungen fand die Amateur Schweizermeisterschaft im Skirennzentrum Hasliberg statt.<\/figcaption><\/figure>\n\n\n\n<p class=\"wp-block-paragraph\">Mit der Durchf\u00fchrung dieses Rennens wurde auch die Gesamtwertung des BOSV Raiffeisen Berner Cups entschieden. Janette Brunner darf sich hier, nach dem Erfolg in den letzten zwei Saisons, auch dieses Jahr als Siegerin feiern lassen. Bei den Herren ging der Sieg an Marc Gehrig (punktegleich aber mehr Rennsiege) vor Mike Oesch auf dem zweiten Rang. Nebst den Rennen anfangs M\u00e4rz an der Winteregg, welche durch B\u00f6deli-Ski organisiert wurden, war das Rennen am Hasliberg der zweite Renntag im Gebiet des Berner Oberlands. Der Berner Oberl\u00e4ndische Skiverband (BOSV) und B\u00f6deli-Ski m\u00f6chten mit diesen Angeboten die M\u00f6glichkeiten f\u00fcr die Skiclubmitglieder, auch nach dem JO-Alter regional Skirennen zu fahren, unterst\u00fctzen.<\/p>\n\n\n\n<p class=\"wp-block-paragraph\"><\/p>\n","protected":false},"excerpt":{"rendered":"<p>Anl\u00e4sslich des Saisonfinale des Regionalrennsport verteidigte Joel Jaggi (SC Matten) [&hellip;]<\/p>\n","protected":false},"author":3,"featured_media":6772,"comment_status":"closed","ping_status":"closed","sticky":false,"template":"","format":"standard","meta":{"_crdt_document":"","jetpack_post_was_ever_published":false,"_jetpack_newsletter_access":"","_jetpack_dont_email_post_to_subs":true,"_jetpack_newsletter_tier_id":0,"_jetpack_memberships_contains_paywalled_content":false,"_jetpack_memberships_contains_paid_content":false,"footnotes":""},"categories":[7,54],"tags":[22,24,21,43],"class_list":["post-6816","post","type-post","status-publish","format-standard","has-post-thumbnail","hentry","category-bericht-training","category-saison-23-24","tag-berner-oberlaendischer-skiverband","tag-boedeli-ski","tag-bosv","tag-swiss-ski"],"jetpack_featured_media_url":"https:\/\/i0.wp.com\/boedeli-ski.ch\/wp-content\/uploads\/2024\/03\/24-03-24_Amateur-SM-2024-5-scaled-e1722751208188.jpg?fit=1920%2C1147&ssl=1","jetpack_sharing_enabled":true,"jetpack_shortlink":"https:\/\/wp.me\/p9y5Fm-1LW","_links":{"self":[{"href":"https:\/\/boedeli-ski.ch\/index.php?rest_route=\/wp\/v2\/posts\/6816","targetHints":{"allow":["GET"]}}],"collection":[{"href":"https:\/\/boedeli-ski.ch\/index.php?rest_route=\/wp\/v2\/posts"}],"about":[{"href":"https:\/\/boedeli-ski.ch\/index.php?rest_route=\/wp\/v2\/types\/post"}],"author":[{"embeddable":true,"href":"https:\/\/boedeli-ski.ch\/index.php?rest_route=\/wp\/v2\/users\/3"}],"replies":[{"embeddable":true,"href":"https:\/\/boedeli-ski.ch\/index.php?rest_route=%2Fwp%2Fv2%2Fcomments&post=6816"}],"version-history":[{"count":1,"href":"https:\/\/boedeli-ski.ch\/index.php?rest_route=\/wp\/v2\/posts\/6816\/revisions"}],"predecessor-version":[{"id":6819,"href":"https:\/\/boedeli-ski.ch\/index.php?rest_route=\/wp\/v2\/posts\/6816\/revisions\/6819"}],"wp:featuredmedia":[{"embeddable":true,"href":"https:\/\/boedeli-ski.ch\/index.php?rest_route=\/wp\/v2\/media\/6772"}],"wp:attachment":[{"href":"https:\/\/boedeli-ski.ch\/index.php?rest_route=%2Fwp%2Fv2%2Fmedia&parent=6816"}],"wp:term":[{"taxonomy":"category","embeddable":true,"href":"https:\/\/boedeli-ski.ch\/index.php?rest_route=%2Fwp%2Fv2%2Fcategories&post=6816"},{"taxonomy":"post_tag","embeddable":true,"href":"https:\/\/boedeli-ski.ch\/index.php?rest_route=%2Fwp%2Fv2%2Ftags&post=6816"}],"curies":[{"name":"wp","href":"https:\/\/api.w.org\/{rel}","templated":true}]}}