{"id":6049,"date":"2023-08-23T19:00:00","date_gmt":"2023-08-23T18:00:00","guid":{"rendered":"https:\/\/boedeli-ski.ch\/?p=6049"},"modified":"2023-08-23T00:23:22","modified_gmt":"2023-08-22T23:23:22","slug":"noelle-muehlheim-ist-skirennfahrerin-der-saison","status":"publish","type":"post","link":"https:\/\/boedeli-ski.ch\/?p=6049","title":{"rendered":"No\u00eblle M\u00fchlheim ist Skirennfahrerin der Saison!"},"content":{"rendered":"\n<p class=\"wp-block-paragraph\"><strong>No\u00eblle M\u00fchlheim wurde im Rahmen der Kaderpr\u00e4sentation zur B\u00f6deli-Skirennfahrerin der Saison gek\u00fcrt!<\/strong> <strong>Dank der Unterst\u00fctzung unseres Sponsors \u201eDie Mobiliar \u2013 Generalagentur Interlaken-Oberhasli\u201c durften wir bereits zum vierten Jahr in Folge einen Wanderpreis verleihen.\u00a0<\/strong><\/p>\n\n\n\n<p class=\"wp-block-paragraph\">Dank der Unterst\u00fctzung unseres Sponsors \u201eDie Mobiliar \u2013 Generalagentur Interlaken-Oberhasli\u201c durften wir bereits zum vierten Jahr in Folge einen Wanderpreis verleihen. J\u00e4hrlich wird im Rahmen der Kaderpr\u00e4sentation im Namen aller Clubs die Skirennfahrerin oder der Skirennfahrer der abgelaufenen Saison gek\u00fcrt. Nach Michelle Hurni, Gian Adank und Janette Brunner wurde dieses Jahr No\u00eblle M\u00fchlheim, Skiclub Matten, diese Ehre zu teil. Sie trainiert im Juniorinnenkader des Berner Oberl\u00e4ndischen Skiverbands und hatte in den vergangen Jahren mit Verletzungen zu k\u00e4mpfen. Als \u00abSkirennfahrerin der Saison\u00bb wurde M\u00fchlheim insbesondere f\u00fcr ihren Durchhaltewillen und zur W\u00fcrdigung von starken Comebacks geehrt. B\u00f6deli-Ski will damit zeigen, dass mit grossem Willen auch nach R\u00fcckschl\u00e4gen alles noch m\u00f6glich ist und glaubt an die Nachwuchsfahrerin.<\/p>\n\n\n\n<p class=\"wp-block-paragraph\">Jessica Fuhrer, Leiterin Verkaufssupport der Mobiliar, Generalagentur Interlaken-Oberhasli, \u00fcbergab den Preis pers\u00f6nlich vor Ort, rief den Anwesenden im Rahmen der Gratulation die tollen Leistungen und der eiserne Wille von No\u00eblle M\u00fchlheim nochmals in Erinnerung und w\u00fcnschte ihr sowie allen Anwesenden jungen Skirennfahrerinnen und Skirennfahrern alles Gute f\u00fcr die laufende Vorbereitung und die kommende Saison.<\/p>\n\n\n\n<figure class=\"wp-block-image size-large\"><img data-recalc-dims=\"1\" loading=\"lazy\" decoding=\"async\" width=\"810\" height=\"540\" src=\"https:\/\/i0.wp.com\/boedeli-ski.ch\/wp-content\/uploads\/2023\/05\/IMG_4758-2.jpg?resize=810%2C540&#038;ssl=1\" alt=\"\" class=\"wp-image-5973\" srcset=\"https:\/\/i0.wp.com\/boedeli-ski.ch\/wp-content\/uploads\/2023\/05\/IMG_4758-2-scaled.jpg?resize=1024%2C683&amp;ssl=1 1024w, https:\/\/i0.wp.com\/boedeli-ski.ch\/wp-content\/uploads\/2023\/05\/IMG_4758-2-scaled.jpg?resize=300%2C200&amp;ssl=1 300w, https:\/\/i0.wp.com\/boedeli-ski.ch\/wp-content\/uploads\/2023\/05\/IMG_4758-2-scaled.jpg?resize=768%2C512&amp;ssl=1 768w, https:\/\/i0.wp.com\/boedeli-ski.ch\/wp-content\/uploads\/2023\/05\/IMG_4758-2-scaled.jpg?resize=1536%2C1024&amp;ssl=1 1536w, https:\/\/i0.wp.com\/boedeli-ski.ch\/wp-content\/uploads\/2023\/05\/IMG_4758-2-scaled.jpg?resize=2048%2C1365&amp;ssl=1 2048w, https:\/\/i0.wp.com\/boedeli-ski.ch\/wp-content\/uploads\/2023\/05\/IMG_4758-2-scaled.jpg?w=1620&amp;ssl=1 1620w, https:\/\/i0.wp.com\/boedeli-ski.ch\/wp-content\/uploads\/2023\/05\/IMG_4758-2-scaled.jpg?w=2430&amp;ssl=1 2430w\" sizes=\"auto, (max-width: 810px) 100vw, 810px\" \/><figcaption class=\"wp-element-caption\">No\u00eblle M\u00fchlheim<\/figcaption><\/figure>\n","protected":false},"excerpt":{"rendered":"<p>No\u00eblle M\u00fchlheim wurde im Rahmen der Kaderpr\u00e4sentation zur B\u00f6deli-Skirennfahrerin der [&hellip;]<\/p>\n","protected":false},"author":3,"featured_media":6037,"comment_status":"closed","ping_status":"closed","sticky":false,"template":"","format":"standard","meta":{"_crdt_document":"","jetpack_post_was_ever_published":false,"_jetpack_newsletter_access":"","_jetpack_dont_email_post_to_subs":false,"_jetpack_newsletter_tier_id":0,"_jetpack_memberships_contains_paywalled_content":false,"_jetpack_memberships_contains_paid_content":false,"footnotes":""},"categories":[7,54],"tags":[],"class_list":["post-6049","post","type-post","status-publish","format-standard","has-post-thumbnail","hentry","category-bericht-training","category-saison-23-24"],"jetpack_featured_media_url":"https:\/\/i0.wp.com\/boedeli-ski.ch\/wp-content\/uploads\/2023\/08\/20230821_Kaderpraesentation_02-scaled.jpg?fit=2560%2C1707&ssl=1","jetpack_sharing_enabled":true,"jetpack_shortlink":"https:\/\/wp.me\/p9y5Fm-1zz","_links":{"self":[{"href":"https:\/\/boedeli-ski.ch\/index.php?rest_route=\/wp\/v2\/posts\/6049","targetHints":{"allow":["GET"]}}],"collection":[{"href":"https:\/\/boedeli-ski.ch\/index.php?rest_route=\/wp\/v2\/posts"}],"about":[{"href":"https:\/\/boedeli-ski.ch\/index.php?rest_route=\/wp\/v2\/types\/post"}],"author":[{"embeddable":true,"href":"https:\/\/boedeli-ski.ch\/index.php?rest_route=\/wp\/v2\/users\/3"}],"replies":[{"embeddable":true,"href":"https:\/\/boedeli-ski.ch\/index.php?rest_route=%2Fwp%2Fv2%2Fcomments&post=6049"}],"version-history":[{"count":1,"href":"https:\/\/boedeli-ski.ch\/index.php?rest_route=\/wp\/v2\/posts\/6049\/revisions"}],"predecessor-version":[{"id":6051,"href":"https:\/\/boedeli-ski.ch\/index.php?rest_route=\/wp\/v2\/posts\/6049\/revisions\/6051"}],"wp:featuredmedia":[{"embeddable":true,"href":"https:\/\/boedeli-ski.ch\/index.php?rest_route=\/wp\/v2\/media\/6037"}],"wp:attachment":[{"href":"https:\/\/boedeli-ski.ch\/index.php?rest_route=%2Fwp%2Fv2%2Fmedia&parent=6049"}],"wp:term":[{"taxonomy":"category","embeddable":true,"href":"https:\/\/boedeli-ski.ch\/index.php?rest_route=%2Fwp%2Fv2%2Fcategories&post=6049"},{"taxonomy":"post_tag","embeddable":true,"href":"https:\/\/boedeli-ski.ch\/index.php?rest_route=%2Fwp%2Fv2%2Ftags&post=6049"}],"curies":[{"name":"wp","href":"https:\/\/api.w.org\/{rel}","templated":true}]}}