{"id":6042,"date":"2023-08-23T07:00:00","date_gmt":"2023-08-23T06:00:00","guid":{"rendered":"https:\/\/boedeli-ski.ch\/?p=6042"},"modified":"2023-08-23T00:05:59","modified_gmt":"2023-08-22T23:05:59","slug":"praesentation-kaderfahrer-ski-alpin","status":"publish","type":"post","link":"https:\/\/boedeli-ski.ch\/?p=6042","title":{"rendered":"Pr\u00e4sentation Kaderfahrer Ski Alpin"},"content":{"rendered":"\n<p class=\"wp-block-paragraph\"><strong>Am Montag, 21. August 2023, massen sich die jungen Skirennfahrer aller B\u00f6deli Skiclubs anl\u00e4sslich der Kaderpr\u00e4sentation bei der Garage Wenger AG ein erstes Mal \u2013 dies auf eine etwas andere Weise. No\u00eblle M\u00fchlheim, Skiclub Matten, wurde in diesem Rahmen f\u00fcr die Saison 2022-23 zur B\u00f6deli-Skirennfahrerin der Saison gek\u00fcrt und Bj\u00f6rn Gafner durfte sich als Sieger des durchgef\u00fchrten Plauschwettkampfes feiern lassen.<\/strong><\/p>\n\n\n\n<p class=\"wp-block-paragraph\">Am Montagabend lud B\u00f6deli-Ski seine Kaderfahrerinnen und \u2013fahrer zu einer offiziellen Pr\u00e4sentation beim Sponsor Garage Wenger AG in Interlaken ein. Manuela L\u00fcthi, Pr\u00e4sidentin von B\u00f6deli-Ski durfte nebst den Kindern auch deren Eltern, einige Trainer von B\u00f6deli-Ski sowie Benjamin J\u00f6lly und Fabio Cantanna der Garage Wenger AG begr\u00fcssen. B\u00f6deli-Ski konnte 15 junge Athletinnen und Athleten pr\u00e4sentieren, darunter befanden sich nebst bekannten Gesichtern auch ein paar neue Skirennfahrerinnen und Skirennfahrer, die aus dem Youngster aufgestiegen sind. In der kommenden Wintersaison sind von B\u00f6deli-Ski 8 Nachwuchsfahrerinnen und -fahrer im RLZ-Kader vertreten und 7 Fahrerinnen und -fahrer im Region Kader. Die B\u00f6deli-Skiclubs haben zudem eine Fahrerin im Juniorinnen Kader des BOSV sowie eine Fahrerin im Nationalen Leistungszentrum von Swiss-Ski.<\/p>\n\n\n\n<p class=\"wp-block-paragraph\">Benjamin J\u00f6lly zeigte sich namens der Garage Wenger AG sehr erfreut, solch viele junge und motivierte Sportlerinnen und Sportler begr\u00fcssen zu d\u00fcrfen. Er w\u00fcnschte ihnen allen eine unfallfreie kommende Saison und viele erfolgreiche Momente auf dem Schnee.<\/p>\n\n\n\n<p class=\"wp-block-paragraph\"><strong>Parallelslalom als Plauschwettkampf<\/strong><\/p>\n\n\n\n<p class=\"wp-block-paragraph\">Nebst gem\u00fctlichem Beisammensein beim einem reichhaltigen Ap\u00e9ro, gesponsert von der Garage Wenger AG, bot die Kaderpr\u00e4sentation auch Anlass f\u00fcr einen ersten Wettkampf der Saison \u2013 einen Parallelslalom auf eine etwas andere Weise. Die Athletinnen und Athleten mussten durch einen Kurs schnellstm\u00f6glich einen Autoreifen \u00abkurven\u00bb. Nach dem \u00dcben k\u00e4mpften sich die M\u00e4dchen und Knaben im KO-System vom Achtelfinal bis in den Final. Den Wettkampf gewann Bj\u00f6rn Gafner vor Oscar Roborgh. Im kleinen Final gewann Nico Gertsch vor Celina Dietrich.<\/p>\n\n\n\n<p class=\"wp-block-paragraph\"><strong>Trainingsangebot<\/strong><\/p>\n\n\n\n<p class=\"wp-block-paragraph\">In den Trainingsangeboten von B\u00f6deli-Ski trainieren kommende Saison 2023-24 7 Kaderfahrer:innen im RegionKader. Mit diesem RegionKader innerhalb des BOSV kann B\u00f6deli-Ski die M\u00f6glichkeiten einer soliden Grundausbildung im Skisport f\u00fcr Aufstiegskandidaten, sowie auch f\u00fcr solche die Skirennsport auf regionaler Ebene aus\u00fcben wollen, bieten. Das Trainingsangebot Youngster f\u00fcr die j\u00fcngeren Fahrerinnen und Fahrer wird anl\u00e4sslich der Wintertime Party vom 28. Oktober 2023 pr\u00e4sentiert. Die Anmeldungen zu diesen Trainings, die das Clubtraining erg\u00e4nzen, laufen wie gewohnt \u00fcber die JO-Chefs der einzelnen Skiclubs.<\/p>\n\n\n\n<figure class=\"wp-block-gallery has-nested-images columns-default is-cropped wp-block-gallery-1 is-layout-flex wp-block-gallery-is-layout-flex\">\n<figure class=\"wp-block-image size-large\"><img data-recalc-dims=\"1\" loading=\"lazy\" decoding=\"async\" width=\"810\" height=\"608\" data-id=\"6041\" src=\"https:\/\/i0.wp.com\/boedeli-ski.ch\/wp-content\/uploads\/2023\/08\/20230821_Kaderpraesentation_06.jpg?resize=810%2C608&#038;ssl=1\" alt=\"\" class=\"wp-image-6041\" srcset=\"https:\/\/i0.wp.com\/boedeli-ski.ch\/wp-content\/uploads\/2023\/08\/20230821_Kaderpraesentation_06-scaled.jpg?resize=1024%2C768&amp;ssl=1 1024w, https:\/\/i0.wp.com\/boedeli-ski.ch\/wp-content\/uploads\/2023\/08\/20230821_Kaderpraesentation_06-scaled.jpg?resize=300%2C225&amp;ssl=1 300w, https:\/\/i0.wp.com\/boedeli-ski.ch\/wp-content\/uploads\/2023\/08\/20230821_Kaderpraesentation_06-scaled.jpg?resize=768%2C576&amp;ssl=1 768w, https:\/\/i0.wp.com\/boedeli-ski.ch\/wp-content\/uploads\/2023\/08\/20230821_Kaderpraesentation_06-scaled.jpg?resize=1536%2C1152&amp;ssl=1 1536w, https:\/\/i0.wp.com\/boedeli-ski.ch\/wp-content\/uploads\/2023\/08\/20230821_Kaderpraesentation_06-scaled.jpg?resize=2048%2C1536&amp;ssl=1 2048w, https:\/\/i0.wp.com\/boedeli-ski.ch\/wp-content\/uploads\/2023\/08\/20230821_Kaderpraesentation_06-scaled.jpg?resize=360%2C270&amp;ssl=1 360w, https:\/\/i0.wp.com\/boedeli-ski.ch\/wp-content\/uploads\/2023\/08\/20230821_Kaderpraesentation_06-scaled.jpg?resize=80%2C60&amp;ssl=1 80w, https:\/\/i0.wp.com\/boedeli-ski.ch\/wp-content\/uploads\/2023\/08\/20230821_Kaderpraesentation_06-scaled.jpg?w=1620&amp;ssl=1 1620w, https:\/\/i0.wp.com\/boedeli-ski.ch\/wp-content\/uploads\/2023\/08\/20230821_Kaderpraesentation_06-scaled.jpg?w=2430&amp;ssl=1 2430w\" sizes=\"auto, (max-width: 810px) 100vw, 810px\" \/><\/figure>\n\n\n\n<figure class=\"wp-block-image size-large\"><img data-recalc-dims=\"1\" loading=\"lazy\" decoding=\"async\" width=\"810\" height=\"608\" data-id=\"6040\" src=\"https:\/\/i0.wp.com\/boedeli-ski.ch\/wp-content\/uploads\/2023\/08\/20230821_Kaderpraesentation_05.jpg?resize=810%2C608&#038;ssl=1\" alt=\"\" class=\"wp-image-6040\" srcset=\"https:\/\/i0.wp.com\/boedeli-ski.ch\/wp-content\/uploads\/2023\/08\/20230821_Kaderpraesentation_05-scaled.jpg?resize=1024%2C768&amp;ssl=1 1024w, https:\/\/i0.wp.com\/boedeli-ski.ch\/wp-content\/uploads\/2023\/08\/20230821_Kaderpraesentation_05-scaled.jpg?resize=300%2C225&amp;ssl=1 300w, https:\/\/i0.wp.com\/boedeli-ski.ch\/wp-content\/uploads\/2023\/08\/20230821_Kaderpraesentation_05-scaled.jpg?resize=768%2C576&amp;ssl=1 768w, https:\/\/i0.wp.com\/boedeli-ski.ch\/wp-content\/uploads\/2023\/08\/20230821_Kaderpraesentation_05-scaled.jpg?resize=1536%2C1152&amp;ssl=1 1536w, https:\/\/i0.wp.com\/boedeli-ski.ch\/wp-content\/uploads\/2023\/08\/20230821_Kaderpraesentation_05-scaled.jpg?resize=2048%2C1536&amp;ssl=1 2048w, https:\/\/i0.wp.com\/boedeli-ski.ch\/wp-content\/uploads\/2023\/08\/20230821_Kaderpraesentation_05-scaled.jpg?resize=360%2C270&amp;ssl=1 360w, https:\/\/i0.wp.com\/boedeli-ski.ch\/wp-content\/uploads\/2023\/08\/20230821_Kaderpraesentation_05-scaled.jpg?resize=80%2C60&amp;ssl=1 80w, https:\/\/i0.wp.com\/boedeli-ski.ch\/wp-content\/uploads\/2023\/08\/20230821_Kaderpraesentation_05-scaled.jpg?w=1620&amp;ssl=1 1620w, https:\/\/i0.wp.com\/boedeli-ski.ch\/wp-content\/uploads\/2023\/08\/20230821_Kaderpraesentation_05-scaled.jpg?w=2430&amp;ssl=1 2430w\" sizes=\"auto, (max-width: 810px) 100vw, 810px\" \/><\/figure>\n\n\n\n<figure class=\"wp-block-image size-large\"><img data-recalc-dims=\"1\" loading=\"lazy\" decoding=\"async\" width=\"683\" height=\"1024\" data-id=\"6039\" src=\"https:\/\/i0.wp.com\/boedeli-ski.ch\/wp-content\/uploads\/2023\/08\/20230821_Kaderpraesentation_04.jpg?resize=683%2C1024&#038;ssl=1\" alt=\"\" class=\"wp-image-6039\" srcset=\"https:\/\/i0.wp.com\/boedeli-ski.ch\/wp-content\/uploads\/2023\/08\/20230821_Kaderpraesentation_04-scaled.jpg?resize=683%2C1024&amp;ssl=1 683w, https:\/\/i0.wp.com\/boedeli-ski.ch\/wp-content\/uploads\/2023\/08\/20230821_Kaderpraesentation_04-scaled.jpg?resize=200%2C300&amp;ssl=1 200w, https:\/\/i0.wp.com\/boedeli-ski.ch\/wp-content\/uploads\/2023\/08\/20230821_Kaderpraesentation_04-scaled.jpg?resize=768%2C1152&amp;ssl=1 768w, https:\/\/i0.wp.com\/boedeli-ski.ch\/wp-content\/uploads\/2023\/08\/20230821_Kaderpraesentation_04-scaled.jpg?resize=1024%2C1536&amp;ssl=1 1024w, https:\/\/i0.wp.com\/boedeli-ski.ch\/wp-content\/uploads\/2023\/08\/20230821_Kaderpraesentation_04-scaled.jpg?resize=1365%2C2048&amp;ssl=1 1365w, https:\/\/i0.wp.com\/boedeli-ski.ch\/wp-content\/uploads\/2023\/08\/20230821_Kaderpraesentation_04-scaled.jpg?w=1707&amp;ssl=1 1707w, https:\/\/i0.wp.com\/boedeli-ski.ch\/wp-content\/uploads\/2023\/08\/20230821_Kaderpraesentation_04-scaled.jpg?w=1620&amp;ssl=1 1620w\" sizes=\"auto, (max-width: 683px) 100vw, 683px\" \/><\/figure>\n\n\n\n<figure class=\"wp-block-image size-large\"><img data-recalc-dims=\"1\" loading=\"lazy\" decoding=\"async\" width=\"810\" height=\"608\" data-id=\"6038\" src=\"https:\/\/i0.wp.com\/boedeli-ski.ch\/wp-content\/uploads\/2023\/08\/20230821_Kaderpraesentation_03.jpg?resize=810%2C608&#038;ssl=1\" alt=\"\" class=\"wp-image-6038\" srcset=\"https:\/\/i0.wp.com\/boedeli-ski.ch\/wp-content\/uploads\/2023\/08\/20230821_Kaderpraesentation_03-scaled.jpg?resize=1024%2C768&amp;ssl=1 1024w, https:\/\/i0.wp.com\/boedeli-ski.ch\/wp-content\/uploads\/2023\/08\/20230821_Kaderpraesentation_03-scaled.jpg?resize=300%2C225&amp;ssl=1 300w, https:\/\/i0.wp.com\/boedeli-ski.ch\/wp-content\/uploads\/2023\/08\/20230821_Kaderpraesentation_03-scaled.jpg?resize=768%2C576&amp;ssl=1 768w, https:\/\/i0.wp.com\/boedeli-ski.ch\/wp-content\/uploads\/2023\/08\/20230821_Kaderpraesentation_03-scaled.jpg?resize=1536%2C1152&amp;ssl=1 1536w, https:\/\/i0.wp.com\/boedeli-ski.ch\/wp-content\/uploads\/2023\/08\/20230821_Kaderpraesentation_03-scaled.jpg?resize=2048%2C1536&amp;ssl=1 2048w, https:\/\/i0.wp.com\/boedeli-ski.ch\/wp-content\/uploads\/2023\/08\/20230821_Kaderpraesentation_03-scaled.jpg?resize=360%2C270&amp;ssl=1 360w, https:\/\/i0.wp.com\/boedeli-ski.ch\/wp-content\/uploads\/2023\/08\/20230821_Kaderpraesentation_03-scaled.jpg?resize=80%2C60&amp;ssl=1 80w, https:\/\/i0.wp.com\/boedeli-ski.ch\/wp-content\/uploads\/2023\/08\/20230821_Kaderpraesentation_03-scaled.jpg?w=1620&amp;ssl=1 1620w, https:\/\/i0.wp.com\/boedeli-ski.ch\/wp-content\/uploads\/2023\/08\/20230821_Kaderpraesentation_03-scaled.jpg?w=2430&amp;ssl=1 2430w\" sizes=\"auto, (max-width: 810px) 100vw, 810px\" \/><\/figure>\n<\/figure>\n","protected":false},"excerpt":{"rendered":"<p>Am Montag, 21. August 2023, massen sich die jungen Skirennfahrer [&hellip;]<\/p>\n","protected":false},"author":3,"featured_media":6036,"comment_status":"closed","ping_status":"closed","sticky":false,"template":"","format":"standard","meta":{"_crdt_document":"","jetpack_post_was_ever_published":false,"_jetpack_newsletter_access":"","_jetpack_dont_email_post_to_subs":false,"_jetpack_newsletter_tier_id":0,"_jetpack_memberships_contains_paywalled_content":false,"_jetpack_memberships_contains_paid_content":false,"footnotes":""},"categories":[7,54],"tags":[],"class_list":["post-6042","post","type-post","status-publish","format-standard","has-post-thumbnail","hentry","category-bericht-training","category-saison-23-24"],"jetpack_featured_media_url":"https:\/\/i0.wp.com\/boedeli-ski.ch\/wp-content\/uploads\/2023\/08\/20230821_Kaderpraesentation_01-scaled.jpg?fit=2560%2C1280&ssl=1","jetpack_sharing_enabled":true,"jetpack_shortlink":"https:\/\/wp.me\/p9y5Fm-1zs","_links":{"self":[{"href":"https:\/\/boedeli-ski.ch\/index.php?rest_route=\/wp\/v2\/posts\/6042","targetHints":{"allow":["GET"]}}],"collection":[{"href":"https:\/\/boedeli-ski.ch\/index.php?rest_route=\/wp\/v2\/posts"}],"about":[{"href":"https:\/\/boedeli-ski.ch\/index.php?rest_route=\/wp\/v2\/types\/post"}],"author":[{"embeddable":true,"href":"https:\/\/boedeli-ski.ch\/index.php?rest_route=\/wp\/v2\/users\/3"}],"replies":[{"embeddable":true,"href":"https:\/\/boedeli-ski.ch\/index.php?rest_route=%2Fwp%2Fv2%2Fcomments&post=6042"}],"version-history":[{"count":3,"href":"https:\/\/boedeli-ski.ch\/index.php?rest_route=\/wp\/v2\/posts\/6042\/revisions"}],"predecessor-version":[{"id":6046,"href":"https:\/\/boedeli-ski.ch\/index.php?rest_route=\/wp\/v2\/posts\/6042\/revisions\/6046"}],"wp:featuredmedia":[{"embeddable":true,"href":"https:\/\/boedeli-ski.ch\/index.php?rest_route=\/wp\/v2\/media\/6036"}],"wp:attachment":[{"href":"https:\/\/boedeli-ski.ch\/index.php?rest_route=%2Fwp%2Fv2%2Fmedia&parent=6042"}],"wp:term":[{"taxonomy":"category","embeddable":true,"href":"https:\/\/boedeli-ski.ch\/index.php?rest_route=%2Fwp%2Fv2%2Fcategories&post=6042"},{"taxonomy":"post_tag","embeddable":true,"href":"https:\/\/boedeli-ski.ch\/index.php?rest_route=%2Fwp%2Fv2%2Ftags&post=6042"}],"curies":[{"name":"wp","href":"https:\/\/api.w.org\/{rel}","templated":true}]}}