{"id":5991,"date":"2023-05-24T09:32:51","date_gmt":"2023-05-24T08:32:51","guid":{"rendered":"https:\/\/boedeli-ski.ch\/?p=5991"},"modified":"2023-05-24T09:32:51","modified_gmt":"2023-05-24T08:32:51","slug":"kaderzusammenstellung-saison-23-24","status":"publish","type":"post","link":"https:\/\/boedeli-ski.ch\/?p=5991","title":{"rendered":"Kaderzusammenstellung Saison 23-24"},"content":{"rendered":"\n<figure class=\"wp-block-image size-large\"><img data-recalc-dims=\"1\" loading=\"lazy\" decoding=\"async\" width=\"810\" height=\"540\" src=\"https:\/\/i0.wp.com\/boedeli-ski.ch\/wp-content\/uploads\/2023\/05\/20230524_Region-Kaderfahrer.jpg?resize=810%2C540&#038;ssl=1\" alt=\"\" class=\"wp-image-5998\" srcset=\"https:\/\/i0.wp.com\/boedeli-ski.ch\/wp-content\/uploads\/2023\/05\/20230524_Region-Kaderfahrer.jpg?resize=1024%2C683&amp;ssl=1 1024w, https:\/\/i0.wp.com\/boedeli-ski.ch\/wp-content\/uploads\/2023\/05\/20230524_Region-Kaderfahrer.jpg?resize=300%2C200&amp;ssl=1 300w, https:\/\/i0.wp.com\/boedeli-ski.ch\/wp-content\/uploads\/2023\/05\/20230524_Region-Kaderfahrer.jpg?resize=768%2C512&amp;ssl=1 768w, https:\/\/i0.wp.com\/boedeli-ski.ch\/wp-content\/uploads\/2023\/05\/20230524_Region-Kaderfahrer.jpg?w=1440&amp;ssl=1 1440w\" sizes=\"auto, (max-width: 810px) 100vw, 810px\" \/><\/figure>\n\n\n\n<p class=\"wp-block-paragraph\">Die Kaderzusammenstellung f\u00fcr das Region Kader von B\u00f6deli-Ski steht fest. Im Kader f\u00fcr die Saison 2023-24 sind insgesamt 2 M\u00e4dchen und 5 Knaben.<\/p>\n\n\n\n<hr class=\"wp-block-separator has-alpha-channel-opacity\"\/>\n\n\n\n<figure class=\"wp-block-image size-large\"><img data-recalc-dims=\"1\" loading=\"lazy\" decoding=\"async\" width=\"810\" height=\"540\" src=\"https:\/\/i0.wp.com\/boedeli-ski.ch\/wp-content\/uploads\/2023\/05\/20230524_RLZ-Kaderfahrer.jpg?resize=810%2C540&#038;ssl=1\" alt=\"\" class=\"wp-image-6000\" srcset=\"https:\/\/i0.wp.com\/boedeli-ski.ch\/wp-content\/uploads\/2023\/05\/20230524_RLZ-Kaderfahrer.jpg?resize=1024%2C683&amp;ssl=1 1024w, https:\/\/i0.wp.com\/boedeli-ski.ch\/wp-content\/uploads\/2023\/05\/20230524_RLZ-Kaderfahrer.jpg?resize=300%2C200&amp;ssl=1 300w, https:\/\/i0.wp.com\/boedeli-ski.ch\/wp-content\/uploads\/2023\/05\/20230524_RLZ-Kaderfahrer.jpg?resize=768%2C512&amp;ssl=1 768w, https:\/\/i0.wp.com\/boedeli-ski.ch\/wp-content\/uploads\/2023\/05\/20230524_RLZ-Kaderfahrer.jpg?w=1440&amp;ssl=1 1440w\" sizes=\"auto, (max-width: 810px) 100vw, 810px\" \/><\/figure>\n\n\n\n<p class=\"wp-block-paragraph\">Die Selektion f\u00fcr das BOSV RLZ Kader umfasst f\u00fcr die Saison 2023-24 insgesamt 3 M\u00e4dchen und 6 Knaben, wovon 8 aus den B\u00f6deli-Skiclubs.<\/p>\n\n\n\n<hr class=\"wp-block-separator has-alpha-channel-opacity\"\/>\n\n\n\n<figure class=\"wp-block-image size-large is-resized\"><img data-recalc-dims=\"1\" loading=\"lazy\" decoding=\"async\" src=\"https:\/\/i0.wp.com\/boedeli-ski.ch\/wp-content\/uploads\/2023\/05\/20230524_Jun-Kaderfahrer.jpg?resize=512%2C512&#038;ssl=1\" alt=\"\" class=\"wp-image-6001\" width=\"512\" height=\"512\" srcset=\"https:\/\/i0.wp.com\/boedeli-ski.ch\/wp-content\/uploads\/2023\/05\/20230524_Jun-Kaderfahrer.jpg?resize=1024%2C1024&amp;ssl=1 1024w, https:\/\/i0.wp.com\/boedeli-ski.ch\/wp-content\/uploads\/2023\/05\/20230524_Jun-Kaderfahrer.jpg?resize=300%2C300&amp;ssl=1 300w, https:\/\/i0.wp.com\/boedeli-ski.ch\/wp-content\/uploads\/2023\/05\/20230524_Jun-Kaderfahrer.jpg?resize=150%2C150&amp;ssl=1 150w, https:\/\/i0.wp.com\/boedeli-ski.ch\/wp-content\/uploads\/2023\/05\/20230524_Jun-Kaderfahrer.jpg?resize=768%2C767&amp;ssl=1 768w, https:\/\/i0.wp.com\/boedeli-ski.ch\/wp-content\/uploads\/2023\/05\/20230524_Jun-Kaderfahrer.jpg?w=1440&amp;ssl=1 1440w\" sizes=\"auto, (max-width: 512px) 100vw, 512px\" \/><\/figure>\n\n\n\n<p class=\"wp-block-paragraph\">Michelle Hurni (2003 | Sc Matten) wird n\u00e4chste Saison weiterhin im Swiss-Ski NLZ Mitte Kader sein und No\u00eblle M\u00fchlheim (2005 | Sc Matten) ebenso im BOSV Junioreinnen Kader.<\/p>\n","protected":false},"excerpt":{"rendered":"<p>Die Kaderzusammenstellung f\u00fcr das Region Kader von B\u00f6deli-Ski steht fest. [&hellip;]<\/p>\n","protected":false},"author":3,"featured_media":5998,"comment_status":"closed","ping_status":"closed","sticky":false,"template":"","format":"standard","meta":{"_crdt_document":"","jetpack_post_was_ever_published":false,"_jetpack_newsletter_access":"","_jetpack_dont_email_post_to_subs":false,"_jetpack_newsletter_tier_id":0,"_jetpack_memberships_contains_paywalled_content":false,"_jetpack_memberships_contains_paid_content":false,"footnotes":""},"categories":[7,54],"tags":[22,24,21,19,43],"class_list":["post-5991","post","type-post","status-publish","format-standard","has-post-thumbnail","hentry","category-bericht-training","category-saison-23-24","tag-berner-oberlaendischer-skiverband","tag-boedeli-ski","tag-bosv","tag-region-kader","tag-swiss-ski"],"jetpack_featured_media_url":"https:\/\/i0.wp.com\/boedeli-ski.ch\/wp-content\/uploads\/2023\/05\/20230524_Region-Kaderfahrer.jpg?fit=1440%2C960&ssl=1","jetpack_sharing_enabled":true,"jetpack_shortlink":"https:\/\/wp.me\/p9y5Fm-1yD","_links":{"self":[{"href":"https:\/\/boedeli-ski.ch\/index.php?rest_route=\/wp\/v2\/posts\/5991","targetHints":{"allow":["GET"]}}],"collection":[{"href":"https:\/\/boedeli-ski.ch\/index.php?rest_route=\/wp\/v2\/posts"}],"about":[{"href":"https:\/\/boedeli-ski.ch\/index.php?rest_route=\/wp\/v2\/types\/post"}],"author":[{"embeddable":true,"href":"https:\/\/boedeli-ski.ch\/index.php?rest_route=\/wp\/v2\/users\/3"}],"replies":[{"embeddable":true,"href":"https:\/\/boedeli-ski.ch\/index.php?rest_route=%2Fwp%2Fv2%2Fcomments&post=5991"}],"version-history":[{"count":5,"href":"https:\/\/boedeli-ski.ch\/index.php?rest_route=\/wp\/v2\/posts\/5991\/revisions"}],"predecessor-version":[{"id":6002,"href":"https:\/\/boedeli-ski.ch\/index.php?rest_route=\/wp\/v2\/posts\/5991\/revisions\/6002"}],"wp:featuredmedia":[{"embeddable":true,"href":"https:\/\/boedeli-ski.ch\/index.php?rest_route=\/wp\/v2\/media\/5998"}],"wp:attachment":[{"href":"https:\/\/boedeli-ski.ch\/index.php?rest_route=%2Fwp%2Fv2%2Fmedia&parent=5991"}],"wp:term":[{"taxonomy":"category","embeddable":true,"href":"https:\/\/boedeli-ski.ch\/index.php?rest_route=%2Fwp%2Fv2%2Fcategories&post=5991"},{"taxonomy":"post_tag","embeddable":true,"href":"https:\/\/boedeli-ski.ch\/index.php?rest_route=%2Fwp%2Fv2%2Ftags&post=5991"}],"curies":[{"name":"wp","href":"https:\/\/api.w.org\/{rel}","templated":true}]}}