{"id":5961,"date":"2023-05-01T19:36:01","date_gmt":"2023-05-01T18:36:01","guid":{"rendered":"https:\/\/boedeli-ski.ch\/?p=5961"},"modified":"2023-05-02T06:19:29","modified_gmt":"2023-05-02T05:19:29","slug":"high-und-lowlights-von-unseren-fis-juniorinnen","status":"publish","type":"post","link":"https:\/\/boedeli-ski.ch\/?p=5961","title":{"rendered":"Licht- und Schattenseiten unseres Sports"},"content":{"rendered":"\n<p class=\"wp-block-paragraph\">In dieser Saison fuhren zwei Juniorinnen der B\u00f6deli Skiclubs auf der Stufe FIS. No\u00eblle M\u00fchlheim und Michelle Hurni (beide SC Matten) erz\u00e4hlen folgend von ihrer Saison:<\/p>\n\n\n\n<div class=\"wp-block-jetpack-slideshow aligncenter\" data-effect=\"slide\"><div class=\"wp-block-jetpack-slideshow_container swiper-container\"><ul class=\"wp-block-jetpack-slideshow_swiper-wrapper swiper-wrapper\"><li class=\"wp-block-jetpack-slideshow_slide swiper-slide\"><figure><img data-recalc-dims=\"1\" loading=\"lazy\" decoding=\"async\" width=\"810\" height=\"540\" alt=\"\" class=\"wp-block-jetpack-slideshow_image wp-image-5973\" data-id=\"5973\" src=\"https:\/\/i0.wp.com\/boedeli-ski.ch\/wp-content\/uploads\/2023\/05\/IMG_4758-2.jpg?resize=810%2C540&#038;ssl=1\" srcset=\"https:\/\/i0.wp.com\/boedeli-ski.ch\/wp-content\/uploads\/2023\/05\/IMG_4758-2-scaled.jpg?resize=1024%2C683&amp;ssl=1 1024w, https:\/\/i0.wp.com\/boedeli-ski.ch\/wp-content\/uploads\/2023\/05\/IMG_4758-2-scaled.jpg?resize=300%2C200&amp;ssl=1 300w, https:\/\/i0.wp.com\/boedeli-ski.ch\/wp-content\/uploads\/2023\/05\/IMG_4758-2-scaled.jpg?resize=768%2C512&amp;ssl=1 768w, https:\/\/i0.wp.com\/boedeli-ski.ch\/wp-content\/uploads\/2023\/05\/IMG_4758-2-scaled.jpg?resize=1536%2C1024&amp;ssl=1 1536w, https:\/\/i0.wp.com\/boedeli-ski.ch\/wp-content\/uploads\/2023\/05\/IMG_4758-2-scaled.jpg?resize=2048%2C1365&amp;ssl=1 2048w, https:\/\/i0.wp.com\/boedeli-ski.ch\/wp-content\/uploads\/2023\/05\/IMG_4758-2-scaled.jpg?w=1620&amp;ssl=1 1620w, https:\/\/i0.wp.com\/boedeli-ski.ch\/wp-content\/uploads\/2023\/05\/IMG_4758-2-scaled.jpg?w=2430&amp;ssl=1 2430w\" sizes=\"(max-width: 810px) 100vw, 810px\" \/><figcaption class=\"wp-block-jetpack-slideshow_caption gallery-caption\">No\u00eblle M\u00fchlheim<\/figcaption><\/figure><\/li><li class=\"wp-block-jetpack-slideshow_slide swiper-slide\"><figure><img data-recalc-dims=\"1\" loading=\"lazy\" decoding=\"async\" width=\"810\" height=\"540\" alt=\"\" class=\"wp-block-jetpack-slideshow_image wp-image-5971\" data-id=\"5971\" src=\"https:\/\/i0.wp.com\/boedeli-ski.ch\/wp-content\/uploads\/2023\/05\/Hurni-Michelle_2022-12-21_DH_Santa-Caterina.jpg?resize=810%2C540&#038;ssl=1\" srcset=\"https:\/\/i0.wp.com\/boedeli-ski.ch\/wp-content\/uploads\/2023\/05\/Hurni-Michelle_2022-12-21_DH_Santa-Caterina-scaled.jpg?resize=1024%2C683&amp;ssl=1 1024w, https:\/\/i0.wp.com\/boedeli-ski.ch\/wp-content\/uploads\/2023\/05\/Hurni-Michelle_2022-12-21_DH_Santa-Caterina-scaled.jpg?resize=300%2C200&amp;ssl=1 300w, https:\/\/i0.wp.com\/boedeli-ski.ch\/wp-content\/uploads\/2023\/05\/Hurni-Michelle_2022-12-21_DH_Santa-Caterina-scaled.jpg?resize=768%2C512&amp;ssl=1 768w, https:\/\/i0.wp.com\/boedeli-ski.ch\/wp-content\/uploads\/2023\/05\/Hurni-Michelle_2022-12-21_DH_Santa-Caterina-scaled.jpg?w=1620&amp;ssl=1 1620w, https:\/\/i0.wp.com\/boedeli-ski.ch\/wp-content\/uploads\/2023\/05\/Hurni-Michelle_2022-12-21_DH_Santa-Caterina-scaled.jpg?w=2430&amp;ssl=1 2430w\" sizes=\"(max-width: 810px) 100vw, 810px\" \/><figcaption class=\"wp-block-jetpack-slideshow_caption gallery-caption\">Michelle Hurni<\/figcaption><\/figure><\/li><li class=\"wp-block-jetpack-slideshow_slide swiper-slide\"><figure><img data-recalc-dims=\"1\" loading=\"lazy\" decoding=\"async\" width=\"810\" height=\"540\" alt=\"\" class=\"wp-block-jetpack-slideshow_image wp-image-5965\" data-id=\"5965\" src=\"https:\/\/i0.wp.com\/boedeli-ski.ch\/wp-content\/uploads\/2023\/05\/414a954b-36f7-40ef-8f8a-19aceb0d8477.jpg?resize=810%2C540&#038;ssl=1\" srcset=\"https:\/\/i0.wp.com\/boedeli-ski.ch\/wp-content\/uploads\/2023\/05\/414a954b-36f7-40ef-8f8a-19aceb0d8477.jpg?resize=1024%2C683&amp;ssl=1 1024w, https:\/\/i0.wp.com\/boedeli-ski.ch\/wp-content\/uploads\/2023\/05\/414a954b-36f7-40ef-8f8a-19aceb0d8477.jpg?resize=300%2C200&amp;ssl=1 300w, https:\/\/i0.wp.com\/boedeli-ski.ch\/wp-content\/uploads\/2023\/05\/414a954b-36f7-40ef-8f8a-19aceb0d8477.jpg?resize=768%2C512&amp;ssl=1 768w, https:\/\/i0.wp.com\/boedeli-ski.ch\/wp-content\/uploads\/2023\/05\/414a954b-36f7-40ef-8f8a-19aceb0d8477.jpg?resize=1536%2C1025&amp;ssl=1 1536w, https:\/\/i0.wp.com\/boedeli-ski.ch\/wp-content\/uploads\/2023\/05\/414a954b-36f7-40ef-8f8a-19aceb0d8477.jpg?w=2048&amp;ssl=1 2048w, https:\/\/i0.wp.com\/boedeli-ski.ch\/wp-content\/uploads\/2023\/05\/414a954b-36f7-40ef-8f8a-19aceb0d8477.jpg?w=1620&amp;ssl=1 1620w\" sizes=\"(max-width: 810px) 100vw, 810px\" \/><figcaption class=\"wp-block-jetpack-slideshow_caption gallery-caption\">Michelle Hurni<\/figcaption><\/figure><\/li><li class=\"wp-block-jetpack-slideshow_slide swiper-slide\"><figure><img data-recalc-dims=\"1\" loading=\"lazy\" decoding=\"async\" width=\"768\" height=\"1024\" alt=\"\" class=\"wp-block-jetpack-slideshow_image wp-image-5974\" data-id=\"5974\" src=\"https:\/\/i0.wp.com\/boedeli-ski.ch\/wp-content\/uploads\/2023\/05\/IMG_8271.jpg?resize=768%2C1024&#038;ssl=1\" srcset=\"https:\/\/i0.wp.com\/boedeli-ski.ch\/wp-content\/uploads\/2023\/05\/IMG_8271-scaled.jpg?resize=768%2C1024&amp;ssl=1 768w, https:\/\/i0.wp.com\/boedeli-ski.ch\/wp-content\/uploads\/2023\/05\/IMG_8271-scaled.jpg?resize=225%2C300&amp;ssl=1 225w, https:\/\/i0.wp.com\/boedeli-ski.ch\/wp-content\/uploads\/2023\/05\/IMG_8271-scaled.jpg?resize=1152%2C1536&amp;ssl=1 1152w, https:\/\/i0.wp.com\/boedeli-ski.ch\/wp-content\/uploads\/2023\/05\/IMG_8271-scaled.jpg?resize=1536%2C2048&amp;ssl=1 1536w, https:\/\/i0.wp.com\/boedeli-ski.ch\/wp-content\/uploads\/2023\/05\/IMG_8271-scaled.jpg?w=1920&amp;ssl=1 1920w, https:\/\/i0.wp.com\/boedeli-ski.ch\/wp-content\/uploads\/2023\/05\/IMG_8271-scaled.jpg?w=1620&amp;ssl=1 1620w\" sizes=\"(max-width: 768px) 100vw, 768px\" \/><figcaption class=\"wp-block-jetpack-slideshow_caption gallery-caption\">No\u00eblle M\u00fchlheim<\/figcaption><\/figure><\/li><li class=\"wp-block-jetpack-slideshow_slide swiper-slide\"><figure><img data-recalc-dims=\"1\" loading=\"lazy\" decoding=\"async\" width=\"768\" height=\"1024\" alt=\"\" class=\"wp-block-jetpack-slideshow_image wp-image-5967\" data-id=\"5967\" src=\"https:\/\/i0.wp.com\/boedeli-ski.ch\/wp-content\/uploads\/2023\/05\/28210499-1ee0-45e4-8492-78fe1399a89d.jpg?resize=768%2C1024&#038;ssl=1\" srcset=\"https:\/\/i0.wp.com\/boedeli-ski.ch\/wp-content\/uploads\/2023\/05\/28210499-1ee0-45e4-8492-78fe1399a89d.jpg?resize=768%2C1024&amp;ssl=1 768w, https:\/\/i0.wp.com\/boedeli-ski.ch\/wp-content\/uploads\/2023\/05\/28210499-1ee0-45e4-8492-78fe1399a89d.jpg?resize=225%2C300&amp;ssl=1 225w, https:\/\/i0.wp.com\/boedeli-ski.ch\/wp-content\/uploads\/2023\/05\/28210499-1ee0-45e4-8492-78fe1399a89d.jpg?resize=1152%2C1536&amp;ssl=1 1152w, https:\/\/i0.wp.com\/boedeli-ski.ch\/wp-content\/uploads\/2023\/05\/28210499-1ee0-45e4-8492-78fe1399a89d.jpg?w=1536&amp;ssl=1 1536w\" sizes=\"(max-width: 768px) 100vw, 768px\" \/><figcaption class=\"wp-block-jetpack-slideshow_caption gallery-caption\">Michelle Hurni<\/figcaption><\/figure><\/li><li class=\"wp-block-jetpack-slideshow_slide swiper-slide\"><figure><img data-recalc-dims=\"1\" loading=\"lazy\" decoding=\"async\" width=\"768\" height=\"1024\" alt=\"\" class=\"wp-block-jetpack-slideshow_image wp-image-5969\" data-id=\"5969\" src=\"https:\/\/i0.wp.com\/boedeli-ski.ch\/wp-content\/uploads\/2023\/05\/b89d693b-9a36-4cd0-a90c-f665de1e9ee8.jpg?resize=768%2C1024&#038;ssl=1\" srcset=\"https:\/\/i0.wp.com\/boedeli-ski.ch\/wp-content\/uploads\/2023\/05\/b89d693b-9a36-4cd0-a90c-f665de1e9ee8.jpg?resize=768%2C1024&amp;ssl=1 768w, https:\/\/i0.wp.com\/boedeli-ski.ch\/wp-content\/uploads\/2023\/05\/b89d693b-9a36-4cd0-a90c-f665de1e9ee8.jpg?resize=225%2C300&amp;ssl=1 225w, https:\/\/i0.wp.com\/boedeli-ski.ch\/wp-content\/uploads\/2023\/05\/b89d693b-9a36-4cd0-a90c-f665de1e9ee8.jpg?resize=1152%2C1536&amp;ssl=1 1152w, https:\/\/i0.wp.com\/boedeli-ski.ch\/wp-content\/uploads\/2023\/05\/b89d693b-9a36-4cd0-a90c-f665de1e9ee8.jpg?w=1536&amp;ssl=1 1536w\" sizes=\"(max-width: 768px) 100vw, 768px\" \/><figcaption class=\"wp-block-jetpack-slideshow_caption gallery-caption\">Michelle Hurni<\/figcaption><\/figure><\/li><li class=\"wp-block-jetpack-slideshow_slide swiper-slide\"><figure><img data-recalc-dims=\"1\" loading=\"lazy\" decoding=\"async\" width=\"810\" height=\"539\" alt=\"\" class=\"wp-block-jetpack-slideshow_image wp-image-5972\" data-id=\"5972\" src=\"https:\/\/i0.wp.com\/boedeli-ski.ch\/wp-content\/uploads\/2023\/05\/IMG_2465.jpg?resize=810%2C539&#038;ssl=1\" srcset=\"https:\/\/i0.wp.com\/boedeli-ski.ch\/wp-content\/uploads\/2023\/05\/IMG_2465-scaled.jpg?resize=1024%2C682&amp;ssl=1 1024w, https:\/\/i0.wp.com\/boedeli-ski.ch\/wp-content\/uploads\/2023\/05\/IMG_2465-scaled.jpg?resize=300%2C200&amp;ssl=1 300w, https:\/\/i0.wp.com\/boedeli-ski.ch\/wp-content\/uploads\/2023\/05\/IMG_2465-scaled.jpg?resize=768%2C511&amp;ssl=1 768w, https:\/\/i0.wp.com\/boedeli-ski.ch\/wp-content\/uploads\/2023\/05\/IMG_2465-scaled.jpg?resize=1536%2C1023&amp;ssl=1 1536w, https:\/\/i0.wp.com\/boedeli-ski.ch\/wp-content\/uploads\/2023\/05\/IMG_2465-scaled.jpg?resize=2048%2C1364&amp;ssl=1 2048w, https:\/\/i0.wp.com\/boedeli-ski.ch\/wp-content\/uploads\/2023\/05\/IMG_2465-scaled.jpg?w=1620&amp;ssl=1 1620w, https:\/\/i0.wp.com\/boedeli-ski.ch\/wp-content\/uploads\/2023\/05\/IMG_2465-scaled.jpg?w=2430&amp;ssl=1 2430w\" sizes=\"(max-width: 810px) 100vw, 810px\" \/><figcaption class=\"wp-block-jetpack-slideshow_caption gallery-caption\">No\u00eblle M\u00fchlheim<\/figcaption><\/figure><\/li><li class=\"wp-block-jetpack-slideshow_slide swiper-slide\"><figure><img data-recalc-dims=\"1\" loading=\"lazy\" decoding=\"async\" width=\"810\" height=\"540\" alt=\"\" class=\"wp-block-jetpack-slideshow_image wp-image-5966\" data-id=\"5966\" src=\"https:\/\/i0.wp.com\/boedeli-ski.ch\/wp-content\/uploads\/2023\/05\/17946865-e1a1-44c6-b2c2-9d983ec98d79.jpg?resize=810%2C540&#038;ssl=1\" srcset=\"https:\/\/i0.wp.com\/boedeli-ski.ch\/wp-content\/uploads\/2023\/05\/17946865-e1a1-44c6-b2c2-9d983ec98d79.jpg?resize=1024%2C683&amp;ssl=1 1024w, https:\/\/i0.wp.com\/boedeli-ski.ch\/wp-content\/uploads\/2023\/05\/17946865-e1a1-44c6-b2c2-9d983ec98d79.jpg?resize=300%2C200&amp;ssl=1 300w, https:\/\/i0.wp.com\/boedeli-ski.ch\/wp-content\/uploads\/2023\/05\/17946865-e1a1-44c6-b2c2-9d983ec98d79.jpg?resize=768%2C512&amp;ssl=1 768w, https:\/\/i0.wp.com\/boedeli-ski.ch\/wp-content\/uploads\/2023\/05\/17946865-e1a1-44c6-b2c2-9d983ec98d79.jpg?resize=1536%2C1025&amp;ssl=1 1536w, https:\/\/i0.wp.com\/boedeli-ski.ch\/wp-content\/uploads\/2023\/05\/17946865-e1a1-44c6-b2c2-9d983ec98d79.jpg?w=2048&amp;ssl=1 2048w, https:\/\/i0.wp.com\/boedeli-ski.ch\/wp-content\/uploads\/2023\/05\/17946865-e1a1-44c6-b2c2-9d983ec98d79.jpg?w=1620&amp;ssl=1 1620w\" sizes=\"(max-width: 810px) 100vw, 810px\" \/><figcaption class=\"wp-block-jetpack-slideshow_caption gallery-caption\">Michelle Hurni<\/figcaption><\/figure><\/li><li class=\"wp-block-jetpack-slideshow_slide swiper-slide\"><figure><img data-recalc-dims=\"1\" loading=\"lazy\" decoding=\"async\" width=\"810\" height=\"540\" alt=\"\" class=\"wp-block-jetpack-slideshow_image wp-image-5976\" data-id=\"5976\" src=\"https:\/\/i0.wp.com\/boedeli-ski.ch\/wp-content\/uploads\/2023\/05\/f654949b-990b-4399-99fd-a56d69c13b35.jpg?resize=810%2C540&#038;ssl=1\" srcset=\"https:\/\/i0.wp.com\/boedeli-ski.ch\/wp-content\/uploads\/2023\/05\/f654949b-990b-4399-99fd-a56d69c13b35.jpg?resize=1024%2C683&amp;ssl=1 1024w, https:\/\/i0.wp.com\/boedeli-ski.ch\/wp-content\/uploads\/2023\/05\/f654949b-990b-4399-99fd-a56d69c13b35.jpg?resize=300%2C200&amp;ssl=1 300w, https:\/\/i0.wp.com\/boedeli-ski.ch\/wp-content\/uploads\/2023\/05\/f654949b-990b-4399-99fd-a56d69c13b35.jpg?resize=768%2C512&amp;ssl=1 768w, https:\/\/i0.wp.com\/boedeli-ski.ch\/wp-content\/uploads\/2023\/05\/f654949b-990b-4399-99fd-a56d69c13b35.jpg?resize=1536%2C1025&amp;ssl=1 1536w, https:\/\/i0.wp.com\/boedeli-ski.ch\/wp-content\/uploads\/2023\/05\/f654949b-990b-4399-99fd-a56d69c13b35.jpg?w=2048&amp;ssl=1 2048w, https:\/\/i0.wp.com\/boedeli-ski.ch\/wp-content\/uploads\/2023\/05\/f654949b-990b-4399-99fd-a56d69c13b35.jpg?w=1620&amp;ssl=1 1620w\" sizes=\"(max-width: 810px) 100vw, 810px\" \/><figcaption class=\"wp-block-jetpack-slideshow_caption gallery-caption\">Michelle Hurni<\/figcaption><\/figure><\/li><\/ul><a class=\"wp-block-jetpack-slideshow_button-prev swiper-button-prev swiper-button-white\" role=\"button\"><\/a><a class=\"wp-block-jetpack-slideshow_button-next swiper-button-next swiper-button-white\" role=\"button\"><\/a><a aria-label=\"Pause Slideshow\" class=\"wp-block-jetpack-slideshow_button-pause\" role=\"button\"><\/a><div class=\"wp-block-jetpack-slideshow_pagination swiper-pagination swiper-pagination-white\"><\/div><\/div><\/div>\n\n\n\n<p class=\"wp-block-paragraph\"><\/p>\n\n\n\n<blockquote class=\"wp-block-quote is-layout-flow wp-block-quote-is-layout-flow\">\n<p class=\"has-black-color has-text-color wp-block-paragraph\">\u00abMeine Skisaison 2022\/23 war vor allem gepr\u00e4gt von meiner schweren Knieverletzung beim Europacup Rennen in Ch\u00e2tel (Frankreich) Anfang Februar.<\/p>\n\n\n\n<p class=\"has-black-color has-text-color wp-block-paragraph\">Zur\u00fcckblickend hatte ich aber bis zu diesem Zeitpunkt eine tolle Saison, ich durfte sehr viel neues erleben und sogar die Schweiz an den FISU World University Games in Lake Placid vertreten! Die Rennen and den FISU-Games waren definitiv mein Highlight der Saison, ich konnte zwei Top Ten Resultate einfahren.<\/p>\n\n\n\n<p class=\"has-black-color has-text-color wp-block-paragraph\">Meine Ziele waren allgemein mich im Europacup, in den Speed-Disziplinen zu etablieren. Leider lief dies nicht wie geplant und ich hatte an meinem dritten Europacup Einsatz den Unfall und die Skisaison endete fr\u00fchzeitig f\u00fcr mich.<\/p>\n\n\n\n<p class=\"has-black-color has-text-color wp-block-paragraph\">Jetzt bin ich in der Reha und gebe alles um wieder zur\u00fcck auf den Schnee zu k\u00f6nnen!\u00bb<\/p>\n<cite>Michelle Hurni, 2003<\/cite><\/blockquote>\n\n\n\n<p class=\"wp-block-paragraph\"><\/p>\n\n\n\n<blockquote class=\"wp-block-quote is-layout-flow wp-block-quote-is-layout-flow\">\n<p class=\"has-black-color has-text-color wp-block-paragraph\">\u00abAb anfangs Dezember war ich wieder schmerzfrei zur\u00fcck auf den Skis und konnte den Aufbau in Engelberg gut machen. Bei den ersten Rennen im Januar hatte ich nicht viele Erwartungen, konnte aber schnell wieder mitmischen. Leider fehlte mir durch die ganze Saison die Konstanz (bspw. im Slalom haben mir die Kilometer gefehlt) und ich konnte leider keinen Exploit erzielen.<\/p>\n\n\n\n<p class=\"has-black-color has-text-color wp-block-paragraph\">Mit R\u00e4ngen zwischen dem 10. und 20. Platz bei NJR und FIS-Rennen erreichte ich schlussendlich den 17. Rang im brack.ch Swiss Cup und war damit unter den besten 10 meines Jahrganges. Im Verlauf des Februars hatte ich immer wieder Schmerzen in meinem Knie und so werde ich n\u00e4chste Woche nochmals am Knie operiert.\u201c<\/p>\n<cite>No\u00eblle M\u00fchlheim, 2005<\/cite><\/blockquote>\n\n\n\n<p class=\"wp-block-paragraph\">Wir gratulieren beiden Athletinnen trotz allem zu ihren Saisons und w\u00fcnschen ihnen bei ihrem Comeback alles Gute! Wir sind stolz auf euch!<\/p>\n\n\n\n<p class=\"wp-block-paragraph\"><\/p>\n\n\n\n<figure class=\"wp-block-pullquote\"><blockquote><p><strong>comeback stronger!<\/strong><\/p><\/blockquote><\/figure>\n","protected":false},"excerpt":{"rendered":"<p>In dieser Saison fuhren zwei Juniorinnen der B\u00f6deli Skiclubs auf [&hellip;]<\/p>\n","protected":false},"author":3,"featured_media":5977,"comment_status":"closed","ping_status":"closed","sticky":false,"template":"","format":"standard","meta":{"_crdt_document":"","jetpack_post_was_ever_published":false,"_jetpack_newsletter_access":"","_jetpack_dont_email_post_to_subs":false,"_jetpack_newsletter_tier_id":0,"_jetpack_memberships_contains_paywalled_content":false,"_jetpack_memberships_contains_paid_content":false,"footnotes":""},"categories":[7,51],"tags":[22,24,21,53],"class_list":["post-5961","post","type-post","status-publish","format-standard","has-post-thumbnail","hentry","category-bericht-training","category-saison-22-23","tag-berner-oberlaendischer-skiverband","tag-boedeli-ski","tag-bosv","tag-fis"],"jetpack_featured_media_url":"https:\/\/i0.wp.com\/boedeli-ski.ch\/wp-content\/uploads\/2023\/05\/collage_michelle-noelle.png?fit=2000%2C1000&ssl=1","jetpack_sharing_enabled":true,"jetpack_shortlink":"https:\/\/wp.me\/p9y5Fm-1y9","_links":{"self":[{"href":"https:\/\/boedeli-ski.ch\/index.php?rest_route=\/wp\/v2\/posts\/5961","targetHints":{"allow":["GET"]}}],"collection":[{"href":"https:\/\/boedeli-ski.ch\/index.php?rest_route=\/wp\/v2\/posts"}],"about":[{"href":"https:\/\/boedeli-ski.ch\/index.php?rest_route=\/wp\/v2\/types\/post"}],"author":[{"embeddable":true,"href":"https:\/\/boedeli-ski.ch\/index.php?rest_route=\/wp\/v2\/users\/3"}],"replies":[{"embeddable":true,"href":"https:\/\/boedeli-ski.ch\/index.php?rest_route=%2Fwp%2Fv2%2Fcomments&post=5961"}],"version-history":[{"count":4,"href":"https:\/\/boedeli-ski.ch\/index.php?rest_route=\/wp\/v2\/posts\/5961\/revisions"}],"predecessor-version":[{"id":5982,"href":"https:\/\/boedeli-ski.ch\/index.php?rest_route=\/wp\/v2\/posts\/5961\/revisions\/5982"}],"wp:featuredmedia":[{"embeddable":true,"href":"https:\/\/boedeli-ski.ch\/index.php?rest_route=\/wp\/v2\/media\/5977"}],"wp:attachment":[{"href":"https:\/\/boedeli-ski.ch\/index.php?rest_route=%2Fwp%2Fv2%2Fmedia&parent=5961"}],"wp:term":[{"taxonomy":"category","embeddable":true,"href":"https:\/\/boedeli-ski.ch\/index.php?rest_route=%2Fwp%2Fv2%2Fcategories&post=5961"},{"taxonomy":"post_tag","embeddable":true,"href":"https:\/\/boedeli-ski.ch\/index.php?rest_route=%2Fwp%2Fv2%2Ftags&post=5961"}],"curies":[{"name":"wp","href":"https:\/\/api.w.org\/{rel}","templated":true}]}}