{"id":5944,"date":"2023-04-24T18:04:38","date_gmt":"2023-04-24T17:04:38","guid":{"rendered":"https:\/\/boedeli-ski.ch\/?p=5944"},"modified":"2023-04-24T18:11:02","modified_gmt":"2023-04-24T17:11:02","slug":"janette-brunner-stefan-ploner-und-joel-jaggi-in-den-cupwertungen-auf-dem-podest","status":"publish","type":"post","link":"https:\/\/boedeli-ski.ch\/?p=5944","title":{"rendered":"Janette Brunner, Stefan Ploner und Joel Jaggi in den Cupwertungen auf dem Podest!"},"content":{"rendered":"\n<p class=\"has-medium-font-size wp-block-paragraph\"><strong>R\u00fcckblick auf die BOSV Cup Serien im Berner Oberland<\/strong><\/p>\n\n\n\n<p class=\"wp-block-paragraph\"><\/p>\n\n\n\n<p class=\"wp-block-paragraph\"><strong>BOSV Leki JO Cup<\/strong><\/p>\n\n\n\n<p class=\"wp-block-paragraph\">In der Rennserie der JO-Kategorien erreichten mehrere Nachwuchsfahrer:innen aus den B\u00f6deli-Skiclubs die vordersten Pl\u00e4tze. Der im Region Kader von B\u00f6deli-Ski trainierende Stefan Ploner (Skiclub Habkern) startete diese Saison erstmals an Punkterennen und wurde sehr guter 2. in der Gesamtwertung der U12 Kategorie!<\/p>\n\n\n\n<p class=\"wp-block-paragraph\">Weiter konnten sich Michael Wyss (Skiclub Habkern) und Alisa Michel (Skiklub B\u00f6nigen) je den f\u00fcnften beziehungsweise sechsten Gesamtrang in ihrer Kategorie sichern.<\/p>\n\n\n\n<figure class=\"wp-block-image size-full\"><img data-recalc-dims=\"1\" loading=\"lazy\" decoding=\"async\" width=\"810\" height=\"608\" src=\"https:\/\/i0.wp.com\/boedeli-ski.ch\/wp-content\/uploads\/2023\/04\/P4212583-scaled.jpg?resize=810%2C608&#038;ssl=1\" alt=\"\" class=\"wp-image-5945\" srcset=\"https:\/\/i0.wp.com\/boedeli-ski.ch\/wp-content\/uploads\/2023\/04\/P4212583-scaled.jpg?w=2560&amp;ssl=1 2560w, https:\/\/i0.wp.com\/boedeli-ski.ch\/wp-content\/uploads\/2023\/04\/P4212583-scaled.jpg?resize=300%2C225&amp;ssl=1 300w, https:\/\/i0.wp.com\/boedeli-ski.ch\/wp-content\/uploads\/2023\/04\/P4212583-scaled.jpg?resize=1024%2C768&amp;ssl=1 1024w, https:\/\/i0.wp.com\/boedeli-ski.ch\/wp-content\/uploads\/2023\/04\/P4212583-scaled.jpg?resize=768%2C576&amp;ssl=1 768w, https:\/\/i0.wp.com\/boedeli-ski.ch\/wp-content\/uploads\/2023\/04\/P4212583-scaled.jpg?resize=1536%2C1152&amp;ssl=1 1536w, https:\/\/i0.wp.com\/boedeli-ski.ch\/wp-content\/uploads\/2023\/04\/P4212583-scaled.jpg?resize=2048%2C1536&amp;ssl=1 2048w, https:\/\/i0.wp.com\/boedeli-ski.ch\/wp-content\/uploads\/2023\/04\/P4212583-scaled.jpg?resize=360%2C270&amp;ssl=1 360w, https:\/\/i0.wp.com\/boedeli-ski.ch\/wp-content\/uploads\/2023\/04\/P4212583-scaled.jpg?resize=80%2C60&amp;ssl=1 80w, https:\/\/i0.wp.com\/boedeli-ski.ch\/wp-content\/uploads\/2023\/04\/P4212583-scaled.jpg?w=1620&amp;ssl=1 1620w, https:\/\/i0.wp.com\/boedeli-ski.ch\/wp-content\/uploads\/2023\/04\/P4212583-scaled.jpg?w=2430&amp;ssl=1 2430w\" sizes=\"auto, (max-width: 810px) 100vw, 810px\" \/><figcaption class=\"wp-element-caption\"><em>BOSV Leki JO Cup Podest KU12: (v.l.n.r.)&nbsp;2. Ploner Stefan (Habkern), 1. Fuchs Lenny (Innertkirchen), 3. K\u00fcng Demian (Team Diemtigtal)<\/em><\/figcaption><\/figure>\n\n\n\n<p class=\"wp-block-paragraph\"><\/p>\n\n\n\n<p class=\"wp-block-paragraph\"><strong>Berner Cup \u2013 Regionalrennsport<\/strong><\/p>\n\n\n\n<p class=\"wp-block-paragraph\">Auch nach der JO-Zeit gibt es die M\u00f6glichkeit im Berner Cup Skirennen zu fahren. Von den Jungen konnte sich Janette Brunner nach 2020, 2021 nun zum dritten mal den Berner Cup Gesamtsieg holen! Weiter konnte Joel Jaggi (Skiclub Matten) bei den M\u00e4nnern den 3. Gesamtrang herausfahren.<\/p>\n\n\n\n<div class=\"wp-block-jetpack-slideshow aligncenter\" data-effect=\"slide\"><div class=\"wp-block-jetpack-slideshow_container swiper-container\"><ul class=\"wp-block-jetpack-slideshow_swiper-wrapper swiper-wrapper\"><li class=\"wp-block-jetpack-slideshow_slide swiper-slide\"><figure><img data-recalc-dims=\"1\" loading=\"lazy\" decoding=\"async\" width=\"810\" height=\"540\" alt=\"\" class=\"wp-block-jetpack-slideshow_image wp-image-5946\" data-id=\"5946\" src=\"https:\/\/i0.wp.com\/boedeli-ski.ch\/wp-content\/uploads\/2023\/04\/DSC_0447-scaled.jpg?resize=810%2C540&#038;ssl=1\" srcset=\"https:\/\/i0.wp.com\/boedeli-ski.ch\/wp-content\/uploads\/2023\/04\/DSC_0447-scaled.jpg?w=2560&amp;ssl=1 2560w, https:\/\/i0.wp.com\/boedeli-ski.ch\/wp-content\/uploads\/2023\/04\/DSC_0447-scaled.jpg?resize=300%2C200&amp;ssl=1 300w, https:\/\/i0.wp.com\/boedeli-ski.ch\/wp-content\/uploads\/2023\/04\/DSC_0447-scaled.jpg?w=1620&amp;ssl=1 1620w, https:\/\/i0.wp.com\/boedeli-ski.ch\/wp-content\/uploads\/2023\/04\/DSC_0447-scaled.jpg?w=2430&amp;ssl=1 2430w\" sizes=\"(max-width: 810px) 100vw, 810px\" \/><figcaption class=\"wp-block-jetpack-slideshow_caption gallery-caption\">Berner Cup Podest Damen: (v.l.n.r.)\u00a0Livia Epprecht, Janette Brunner, Mirjam Shibli, Sarina Wehren, Bonnie Graf<\/figcaption><\/figure><\/li><li class=\"wp-block-jetpack-slideshow_slide swiper-slide\"><figure><img data-recalc-dims=\"1\" loading=\"lazy\" decoding=\"async\" width=\"810\" height=\"540\" alt=\"\" class=\"wp-block-jetpack-slideshow_image wp-image-5947\" data-id=\"5947\" src=\"https:\/\/i0.wp.com\/boedeli-ski.ch\/wp-content\/uploads\/2023\/04\/DSC_0451.jpg?resize=810%2C540&#038;ssl=1\" srcset=\"https:\/\/i0.wp.com\/boedeli-ski.ch\/wp-content\/uploads\/2023\/04\/DSC_0451-scaled.jpg?resize=1024%2C683&amp;ssl=1 1024w, https:\/\/i0.wp.com\/boedeli-ski.ch\/wp-content\/uploads\/2023\/04\/DSC_0451-scaled.jpg?resize=300%2C200&amp;ssl=1 300w, https:\/\/i0.wp.com\/boedeli-ski.ch\/wp-content\/uploads\/2023\/04\/DSC_0451-scaled.jpg?resize=768%2C512&amp;ssl=1 768w, https:\/\/i0.wp.com\/boedeli-ski.ch\/wp-content\/uploads\/2023\/04\/DSC_0451-scaled.jpg?resize=1536%2C1024&amp;ssl=1 1536w, https:\/\/i0.wp.com\/boedeli-ski.ch\/wp-content\/uploads\/2023\/04\/DSC_0451-scaled.jpg?resize=2048%2C1365&amp;ssl=1 2048w, https:\/\/i0.wp.com\/boedeli-ski.ch\/wp-content\/uploads\/2023\/04\/DSC_0451-scaled.jpg?w=1620&amp;ssl=1 1620w, https:\/\/i0.wp.com\/boedeli-ski.ch\/wp-content\/uploads\/2023\/04\/DSC_0451-scaled.jpg?w=2430&amp;ssl=1 2430w\" sizes=\"(max-width: 810px) 100vw, 810px\" \/><figcaption class=\"wp-block-jetpack-slideshow_caption gallery-caption\">Berner Cup Podest Herren: (v.l.n.r.)\u00a0Raphael Bettschen, Mike Oesch, Jaggi Joel, Luca Baumann, Hans-Peter Nafzger<\/figcaption><\/figure><\/li><\/ul><a class=\"wp-block-jetpack-slideshow_button-prev swiper-button-prev swiper-button-white\" role=\"button\"><\/a><a class=\"wp-block-jetpack-slideshow_button-next swiper-button-next swiper-button-white\" role=\"button\"><\/a><a aria-label=\"Pause Slideshow\" class=\"wp-block-jetpack-slideshow_button-pause\" role=\"button\"><\/a><div class=\"wp-block-jetpack-slideshow_pagination swiper-pagination swiper-pagination-white\"><\/div><\/div><\/div>\n\n\n\n<p class=\"wp-block-paragraph\"><\/p>\n\n\n\n<p class=\"wp-block-paragraph\"><\/p>\n\n\n\n<h2 class=\"wp-block-heading has-medium-font-size\">Gesamtranglisten: <\/h2>\n\n\n\n<div data-wp-interactive=\"core\/file\" class=\"wp-block-file\"><object data-wp-bind--hidden=\"!state.hasPdfPreview\" hidden class=\"wp-block-file__embed\" data=\"https:\/\/boedeli-ski.ch\/wp-content\/uploads\/2023\/04\/Schlussrangliste_Raiffeisen-Berner-Cup_2023.pdf\" type=\"application\/pdf\" style=\"width:100%;height:200px\" aria-label=\"Einbettung von Schlussrangliste_Berner-Cup_2023.\"><\/object><a id=\"wp-block-file--media-7a0bb791-575e-4ebc-9693-e1fd0105d61c\" href=\"https:\/\/boedeli-ski.ch\/wp-content\/uploads\/2023\/04\/Schlussrangliste_Raiffeisen-Berner-Cup_2023.pdf\">Schlussrangliste_Berner-Cup_2023<\/a><a href=\"https:\/\/boedeli-ski.ch\/wp-content\/uploads\/2023\/04\/Schlussrangliste_Raiffeisen-Berner-Cup_2023.pdf\" class=\"wp-block-file__button wp-element-button\" download aria-describedby=\"wp-block-file--media-7a0bb791-575e-4ebc-9693-e1fd0105d61c\">Herunterladen<\/a><\/div>\n\n\n\n<div data-wp-interactive=\"core\/file\" class=\"wp-block-file\"><object data-wp-bind--hidden=\"!state.hasPdfPreview\" hidden class=\"wp-block-file__embed\" data=\"https:\/\/boedeli-ski.ch\/wp-content\/uploads\/2023\/04\/leki_cup_2023_schluss_knaben.pdf\" type=\"application\/pdf\" style=\"width:100%;height:200px\" aria-label=\"Einbettung von Schlussrangliste BOSV Leki Cup Knaben.\"><\/object><a id=\"wp-block-file--media-47aabb44-eac8-43ba-a604-0d60344d0c9f\" href=\"https:\/\/boedeli-ski.ch\/wp-content\/uploads\/2023\/04\/leki_cup_2023_schluss_knaben.pdf\">Schlussrangliste BOSV Leki Cup Knaben<\/a><a href=\"https:\/\/boedeli-ski.ch\/wp-content\/uploads\/2023\/04\/leki_cup_2023_schluss_knaben.pdf\" class=\"wp-block-file__button wp-element-button\" download aria-describedby=\"wp-block-file--media-47aabb44-eac8-43ba-a604-0d60344d0c9f\">Herunterladen<\/a><\/div>\n\n\n\n<div data-wp-interactive=\"core\/file\" class=\"wp-block-file\"><object data-wp-bind--hidden=\"!state.hasPdfPreview\" hidden class=\"wp-block-file__embed\" data=\"https:\/\/boedeli-ski.ch\/wp-content\/uploads\/2023\/04\/leki_cup_2023_schluss_maedchen.pdf\" type=\"application\/pdf\" style=\"width:100%;height:200px\" aria-label=\"Einbettung von Schlussrangliste BOSV Leki Cup M\u00e4dchen.\"><\/object><a id=\"wp-block-file--media-4aa7a870-0840-4ee7-8836-82b09de6260e\" href=\"https:\/\/boedeli-ski.ch\/wp-content\/uploads\/2023\/04\/leki_cup_2023_schluss_maedchen.pdf\">Schlussrangliste BOSV Leki Cup M\u00e4dchen<\/a><a href=\"https:\/\/boedeli-ski.ch\/wp-content\/uploads\/2023\/04\/leki_cup_2023_schluss_maedchen.pdf\" class=\"wp-block-file__button wp-element-button\" download aria-describedby=\"wp-block-file--media-4aa7a870-0840-4ee7-8836-82b09de6260e\">Herunterladen<\/a><\/div>\n","protected":false},"excerpt":{"rendered":"<p>R\u00fcckblick auf die BOSV Cup Serien im Berner Oberland BOSV [&hellip;]<\/p>\n","protected":false},"author":3,"featured_media":5950,"comment_status":"closed","ping_status":"closed","sticky":false,"template":"","format":"standard","meta":{"_crdt_document":"","jetpack_post_was_ever_published":false,"_jetpack_newsletter_access":"","_jetpack_dont_email_post_to_subs":false,"_jetpack_newsletter_tier_id":0,"_jetpack_memberships_contains_paywalled_content":false,"_jetpack_memberships_contains_paid_content":false,"footnotes":""},"categories":[7,51],"tags":[22,24,21],"class_list":["post-5944","post","type-post","status-publish","format-standard","has-post-thumbnail","hentry","category-bericht-training","category-saison-22-23","tag-berner-oberlaendischer-skiverband","tag-boedeli-ski","tag-bosv"],"jetpack_featured_media_url":"https:\/\/i0.wp.com\/boedeli-ski.ch\/wp-content\/uploads\/2023\/04\/DSC_0447_2-1-scaled.jpg?fit=2560%2C1280&ssl=1","jetpack_sharing_enabled":true,"jetpack_shortlink":"https:\/\/wp.me\/p9y5Fm-1xS","_links":{"self":[{"href":"https:\/\/boedeli-ski.ch\/index.php?rest_route=\/wp\/v2\/posts\/5944","targetHints":{"allow":["GET"]}}],"collection":[{"href":"https:\/\/boedeli-ski.ch\/index.php?rest_route=\/wp\/v2\/posts"}],"about":[{"href":"https:\/\/boedeli-ski.ch\/index.php?rest_route=\/wp\/v2\/types\/post"}],"author":[{"embeddable":true,"href":"https:\/\/boedeli-ski.ch\/index.php?rest_route=\/wp\/v2\/users\/3"}],"replies":[{"embeddable":true,"href":"https:\/\/boedeli-ski.ch\/index.php?rest_route=%2Fwp%2Fv2%2Fcomments&post=5944"}],"version-history":[{"count":5,"href":"https:\/\/boedeli-ski.ch\/index.php?rest_route=\/wp\/v2\/posts\/5944\/revisions"}],"predecessor-version":[{"id":5959,"href":"https:\/\/boedeli-ski.ch\/index.php?rest_route=\/wp\/v2\/posts\/5944\/revisions\/5959"}],"wp:featuredmedia":[{"embeddable":true,"href":"https:\/\/boedeli-ski.ch\/index.php?rest_route=\/wp\/v2\/media\/5950"}],"wp:attachment":[{"href":"https:\/\/boedeli-ski.ch\/index.php?rest_route=%2Fwp%2Fv2%2Fmedia&parent=5944"}],"wp:term":[{"taxonomy":"category","embeddable":true,"href":"https:\/\/boedeli-ski.ch\/index.php?rest_route=%2Fwp%2Fv2%2Fcategories&post=5944"},{"taxonomy":"post_tag","embeddable":true,"href":"https:\/\/boedeli-ski.ch\/index.php?rest_route=%2Fwp%2Fv2%2Ftags&post=5944"}],"curies":[{"name":"wp","href":"https:\/\/api.w.org\/{rel}","templated":true}]}}