{"id":5597,"date":"2022-12-08T07:53:31","date_gmt":"2022-12-08T06:53:31","guid":{"rendered":"https:\/\/boedeli-ski.ch\/?p=5597"},"modified":"2022-12-10T22:50:47","modified_gmt":"2022-12-10T21:50:47","slug":"fis-rennen","status":"publish","type":"post","link":"https:\/\/boedeli-ski.ch\/?p=5597","title":{"rendered":"Erfolgreiche Durchf\u00fchrung der FIS Rennen Schilthorn"},"content":{"rendered":"\n<p class=\"wp-block-paragraph\">Auf der Piste Engetal unterhalb des Schilthorns fanden Anfang Woche kurzfristig zwei Brack.ch FIS Slalomrennen, sowei zwei NJR (Junioren) Rennen statt. Dank der guten Zusammenarbeit von B\u00f6deli-Ski und den Schilthornbahnen konnte die Piste bereits im Vorfeld intensiv f\u00fcr Trainings genutzt werden. Dadurch dass die Piste bereits zuvor sehr gut pr\u00e4pariert wurde, bot sie eine top Unterlage. Der Neuschnee vom Wochenende forderte die Pistenhelfer, konnte jedoch bis auf die harte Basis entfernt werden.<\/p>\n\n\n\n<p class=\"wp-block-paragraph\">Der Slalomspezialist Luc Herrmann vom Skiclub Sch\u00f6nried gewann den ersten FIS-Slalom am Schilthorn. Des Weiteren konnten sich die Berner Oberl\u00e4nder Florian Vogt aus Goldiwil sowie Michel Br\u00fcgger und Niklas Trummer aus Adelboden unter den Top Ten behaupten.<\/p>\n\n\n\n<p class=\"wp-block-paragraph\">Von B\u00f6deli-Ski konnten wir unsere \u00e4ltesten JO-Fahrer, Simon und Nicolas Streich (SC Matten) als Vorfahrer einsetzen. Diese durften dank der zwei Rennen pro Tag, somit je vier L\u00e4ufe absolvieren und FIS Luft schnuppern.<\/p>\n\n\n\n<p class=\"wp-block-paragraph\">Die anwesenden Vertreter von Swiss Ski \u2013 unter ihnen Nachwuchschef Hans Flatscher und NLZ Mitte Chef Osi Inglin \u2013 sowie das lokale Renn-OK zeigten sich \u00fcber die durchgef\u00fchrten Rennen erfreut.<\/p>\n\n\n\n<p class=\"wp-block-paragraph\"><a rel=\"noreferrer noopener\" href=\"https:\/\/newsroom.de.schilthorn.ch\/pressreleases\/erste-fis-ski-alpin-rennen-auf-snowfarming-piste-am-schilthorn-3222345\" target=\"_blank\">Medienmitteilung Schilthornbahn<\/a><\/p>\n\n\n\n<p class=\"wp-block-paragraph\">05.12.2022 &#8211; FIS Rennen:<br><a href=\"https:\/\/www.fis-ski.com\/DB\/general\/results.html?sectorcode=AL&amp;raceid=115615\">https:\/\/www.fis-ski.com\/DB\/general\/results.html?sectorcode=AL&amp;raceid=115615<\/a><\/p>\n\n\n\n<p class=\"wp-block-paragraph\">05.12.2022 &#8211; FIS NJR (Junioren) Rennen:<br><a href=\"https:\/\/www.fis-ski.com\/DB\/general\/results.html?sectorcode=AL&amp;raceid=115616\">https:\/\/www.fis-ski.com\/DB\/general\/results.html?sectorcode=AL&amp;raceid=115616<\/a><\/p>\n\n\n\n<p class=\"wp-block-paragraph\">06.12.2022 &#8211; FIS Rennen:<br><a href=\"https:\/\/www.fis-ski.com\/DB\/general\/results.html?sectorcode=AL&amp;raceid=115617\">https:\/\/www.fis-ski.com\/DB\/general\/results.html?sectorcode=AL&amp;raceid=115617<\/a><\/p>\n\n\n\n<p class=\"wp-block-paragraph\">06.12.2022 &#8211; FIS NJR (Junioren) Rennen:<br><a href=\"https:\/\/www.fis-ski.com\/DB\/general\/results.html?sectorcode=AL&amp;raceid=115618\">https:\/\/www.fis-ski.com\/DB\/general\/results.html?sectorcode=AL&amp;raceid=115618<\/a><\/p>\n\n\n\n<figure class=\"wp-block-gallery has-nested-images columns-1 wp-block-gallery-1 is-layout-flex wp-block-gallery-is-layout-flex\">\n<figure class=\"wp-block-image size-large\"><img data-recalc-dims=\"1\" loading=\"lazy\" decoding=\"async\" width=\"810\" height=\"608\" data-id=\"5606\" src=\"https:\/\/i0.wp.com\/boedeli-ski.ch\/wp-content\/uploads\/2022\/12\/20221205_Pistencrew_in_Einsatz_01.jpg?resize=810%2C608&#038;ssl=1\" alt=\"\" class=\"wp-image-5606\" srcset=\"https:\/\/i0.wp.com\/boedeli-ski.ch\/wp-content\/uploads\/2022\/12\/20221205_Pistencrew_in_Einsatz_01.jpg?resize=1024%2C768&amp;ssl=1 1024w, https:\/\/i0.wp.com\/boedeli-ski.ch\/wp-content\/uploads\/2022\/12\/20221205_Pistencrew_in_Einsatz_01.jpg?resize=300%2C225&amp;ssl=1 300w, https:\/\/i0.wp.com\/boedeli-ski.ch\/wp-content\/uploads\/2022\/12\/20221205_Pistencrew_in_Einsatz_01.jpg?resize=768%2C576&amp;ssl=1 768w, https:\/\/i0.wp.com\/boedeli-ski.ch\/wp-content\/uploads\/2022\/12\/20221205_Pistencrew_in_Einsatz_01.jpg?resize=1536%2C1152&amp;ssl=1 1536w, https:\/\/i0.wp.com\/boedeli-ski.ch\/wp-content\/uploads\/2022\/12\/20221205_Pistencrew_in_Einsatz_01.jpg?resize=2048%2C1536&amp;ssl=1 2048w, https:\/\/i0.wp.com\/boedeli-ski.ch\/wp-content\/uploads\/2022\/12\/20221205_Pistencrew_in_Einsatz_01.jpg?resize=360%2C270&amp;ssl=1 360w, https:\/\/i0.wp.com\/boedeli-ski.ch\/wp-content\/uploads\/2022\/12\/20221205_Pistencrew_in_Einsatz_01.jpg?resize=80%2C60&amp;ssl=1 80w, https:\/\/i0.wp.com\/boedeli-ski.ch\/wp-content\/uploads\/2022\/12\/20221205_Pistencrew_in_Einsatz_01.jpg?w=1620&amp;ssl=1 1620w, https:\/\/i0.wp.com\/boedeli-ski.ch\/wp-content\/uploads\/2022\/12\/20221205_Pistencrew_in_Einsatz_01.jpg?w=2430&amp;ssl=1 2430w\" sizes=\"auto, (max-width: 810px) 100vw, 810px\" \/><\/figure>\n\n\n\n<figure class=\"wp-block-image size-large\"><img data-recalc-dims=\"1\" loading=\"lazy\" decoding=\"async\" width=\"810\" height=\"608\" data-id=\"5611\" src=\"https:\/\/i0.wp.com\/boedeli-ski.ch\/wp-content\/uploads\/2022\/12\/20221205_Start_Luc_Herrmann.jpg?resize=810%2C608&#038;ssl=1\" alt=\"\" class=\"wp-image-5611\" srcset=\"https:\/\/i0.wp.com\/boedeli-ski.ch\/wp-content\/uploads\/2022\/12\/20221205_Start_Luc_Herrmann-scaled.jpg?resize=1024%2C768&amp;ssl=1 1024w, https:\/\/i0.wp.com\/boedeli-ski.ch\/wp-content\/uploads\/2022\/12\/20221205_Start_Luc_Herrmann-scaled.jpg?resize=300%2C225&amp;ssl=1 300w, https:\/\/i0.wp.com\/boedeli-ski.ch\/wp-content\/uploads\/2022\/12\/20221205_Start_Luc_Herrmann-scaled.jpg?resize=768%2C576&amp;ssl=1 768w, https:\/\/i0.wp.com\/boedeli-ski.ch\/wp-content\/uploads\/2022\/12\/20221205_Start_Luc_Herrmann-scaled.jpg?resize=1536%2C1152&amp;ssl=1 1536w, https:\/\/i0.wp.com\/boedeli-ski.ch\/wp-content\/uploads\/2022\/12\/20221205_Start_Luc_Herrmann-scaled.jpg?resize=2048%2C1536&amp;ssl=1 2048w, https:\/\/i0.wp.com\/boedeli-ski.ch\/wp-content\/uploads\/2022\/12\/20221205_Start_Luc_Herrmann-scaled.jpg?resize=360%2C270&amp;ssl=1 360w, https:\/\/i0.wp.com\/boedeli-ski.ch\/wp-content\/uploads\/2022\/12\/20221205_Start_Luc_Herrmann-scaled.jpg?resize=80%2C60&amp;ssl=1 80w, https:\/\/i0.wp.com\/boedeli-ski.ch\/wp-content\/uploads\/2022\/12\/20221205_Start_Luc_Herrmann-scaled.jpg?w=1620&amp;ssl=1 1620w, https:\/\/i0.wp.com\/boedeli-ski.ch\/wp-content\/uploads\/2022\/12\/20221205_Start_Luc_Herrmann-scaled.jpg?w=2430&amp;ssl=1 2430w\" sizes=\"auto, (max-width: 810px) 100vw, 810px\" \/><\/figure>\n\n\n\n<figure class=\"wp-block-image size-large\"><img data-recalc-dims=\"1\" loading=\"lazy\" decoding=\"async\" width=\"810\" height=\"608\" data-id=\"5609\" src=\"https:\/\/i0.wp.com\/boedeli-ski.ch\/wp-content\/uploads\/2022\/12\/20221205_Podest_FIS_Rennen_01.jpg?resize=810%2C608&#038;ssl=1\" alt=\"\" class=\"wp-image-5609\" srcset=\"https:\/\/i0.wp.com\/boedeli-ski.ch\/wp-content\/uploads\/2022\/12\/20221205_Podest_FIS_Rennen_01.jpg?resize=1024%2C768&amp;ssl=1 1024w, https:\/\/i0.wp.com\/boedeli-ski.ch\/wp-content\/uploads\/2022\/12\/20221205_Podest_FIS_Rennen_01.jpg?resize=300%2C225&amp;ssl=1 300w, https:\/\/i0.wp.com\/boedeli-ski.ch\/wp-content\/uploads\/2022\/12\/20221205_Podest_FIS_Rennen_01.jpg?resize=768%2C576&amp;ssl=1 768w, https:\/\/i0.wp.com\/boedeli-ski.ch\/wp-content\/uploads\/2022\/12\/20221205_Podest_FIS_Rennen_01.jpg?resize=1536%2C1152&amp;ssl=1 1536w, https:\/\/i0.wp.com\/boedeli-ski.ch\/wp-content\/uploads\/2022\/12\/20221205_Podest_FIS_Rennen_01.jpg?resize=2048%2C1536&amp;ssl=1 2048w, https:\/\/i0.wp.com\/boedeli-ski.ch\/wp-content\/uploads\/2022\/12\/20221205_Podest_FIS_Rennen_01.jpg?resize=360%2C270&amp;ssl=1 360w, https:\/\/i0.wp.com\/boedeli-ski.ch\/wp-content\/uploads\/2022\/12\/20221205_Podest_FIS_Rennen_01.jpg?resize=80%2C60&amp;ssl=1 80w, https:\/\/i0.wp.com\/boedeli-ski.ch\/wp-content\/uploads\/2022\/12\/20221205_Podest_FIS_Rennen_01.jpg?w=1620&amp;ssl=1 1620w, https:\/\/i0.wp.com\/boedeli-ski.ch\/wp-content\/uploads\/2022\/12\/20221205_Podest_FIS_Rennen_01.jpg?w=2430&amp;ssl=1 2430w\" sizes=\"auto, (max-width: 810px) 100vw, 810px\" \/><\/figure>\n\n\n\n<figure class=\"wp-block-image size-large\"><img data-recalc-dims=\"1\" loading=\"lazy\" decoding=\"async\" width=\"810\" height=\"608\" data-id=\"5610\" src=\"https:\/\/i0.wp.com\/boedeli-ski.ch\/wp-content\/uploads\/2022\/12\/20221206_Rennpiste_Engetal_01.jpg?resize=810%2C608&#038;ssl=1\" alt=\"\" class=\"wp-image-5610\" srcset=\"https:\/\/i0.wp.com\/boedeli-ski.ch\/wp-content\/uploads\/2022\/12\/20221206_Rennpiste_Engetal_01.jpg?resize=1024%2C768&amp;ssl=1 1024w, https:\/\/i0.wp.com\/boedeli-ski.ch\/wp-content\/uploads\/2022\/12\/20221206_Rennpiste_Engetal_01.jpg?resize=300%2C225&amp;ssl=1 300w, https:\/\/i0.wp.com\/boedeli-ski.ch\/wp-content\/uploads\/2022\/12\/20221206_Rennpiste_Engetal_01.jpg?resize=768%2C576&amp;ssl=1 768w, https:\/\/i0.wp.com\/boedeli-ski.ch\/wp-content\/uploads\/2022\/12\/20221206_Rennpiste_Engetal_01.jpg?resize=1536%2C1152&amp;ssl=1 1536w, https:\/\/i0.wp.com\/boedeli-ski.ch\/wp-content\/uploads\/2022\/12\/20221206_Rennpiste_Engetal_01.jpg?resize=2048%2C1536&amp;ssl=1 2048w, https:\/\/i0.wp.com\/boedeli-ski.ch\/wp-content\/uploads\/2022\/12\/20221206_Rennpiste_Engetal_01.jpg?resize=360%2C270&amp;ssl=1 360w, https:\/\/i0.wp.com\/boedeli-ski.ch\/wp-content\/uploads\/2022\/12\/20221206_Rennpiste_Engetal_01.jpg?resize=80%2C60&amp;ssl=1 80w, https:\/\/i0.wp.com\/boedeli-ski.ch\/wp-content\/uploads\/2022\/12\/20221206_Rennpiste_Engetal_01.jpg?w=1620&amp;ssl=1 1620w, https:\/\/i0.wp.com\/boedeli-ski.ch\/wp-content\/uploads\/2022\/12\/20221206_Rennpiste_Engetal_01.jpg?w=2430&amp;ssl=1 2430w\" sizes=\"auto, (max-width: 810px) 100vw, 810px\" \/><\/figure>\n\n\n\n<figure class=\"wp-block-image size-large\"><img data-recalc-dims=\"1\" loading=\"lazy\" decoding=\"async\" width=\"810\" height=\"608\" data-id=\"5608\" src=\"https:\/\/i0.wp.com\/boedeli-ski.ch\/wp-content\/uploads\/2022\/12\/20221206_Start_zweiter_Renntag.jpg?resize=810%2C608&#038;ssl=1\" alt=\"\" class=\"wp-image-5608\" srcset=\"https:\/\/i0.wp.com\/boedeli-ski.ch\/wp-content\/uploads\/2022\/12\/20221206_Start_zweiter_Renntag.jpg?resize=1024%2C768&amp;ssl=1 1024w, https:\/\/i0.wp.com\/boedeli-ski.ch\/wp-content\/uploads\/2022\/12\/20221206_Start_zweiter_Renntag.jpg?resize=300%2C225&amp;ssl=1 300w, https:\/\/i0.wp.com\/boedeli-ski.ch\/wp-content\/uploads\/2022\/12\/20221206_Start_zweiter_Renntag.jpg?resize=768%2C576&amp;ssl=1 768w, https:\/\/i0.wp.com\/boedeli-ski.ch\/wp-content\/uploads\/2022\/12\/20221206_Start_zweiter_Renntag.jpg?resize=1536%2C1152&amp;ssl=1 1536w, https:\/\/i0.wp.com\/boedeli-ski.ch\/wp-content\/uploads\/2022\/12\/20221206_Start_zweiter_Renntag.jpg?resize=2048%2C1536&amp;ssl=1 2048w, https:\/\/i0.wp.com\/boedeli-ski.ch\/wp-content\/uploads\/2022\/12\/20221206_Start_zweiter_Renntag.jpg?resize=360%2C270&amp;ssl=1 360w, https:\/\/i0.wp.com\/boedeli-ski.ch\/wp-content\/uploads\/2022\/12\/20221206_Start_zweiter_Renntag.jpg?resize=80%2C60&amp;ssl=1 80w, https:\/\/i0.wp.com\/boedeli-ski.ch\/wp-content\/uploads\/2022\/12\/20221206_Start_zweiter_Renntag.jpg?w=1620&amp;ssl=1 1620w, https:\/\/i0.wp.com\/boedeli-ski.ch\/wp-content\/uploads\/2022\/12\/20221206_Start_zweiter_Renntag.jpg?w=2430&amp;ssl=1 2430w\" sizes=\"auto, (max-width: 810px) 100vw, 810px\" \/><\/figure>\n\n\n\n<figure class=\"wp-block-image size-large\"><img data-recalc-dims=\"1\" loading=\"lazy\" decoding=\"async\" width=\"810\" height=\"608\" data-id=\"5607\" src=\"https:\/\/i0.wp.com\/boedeli-ski.ch\/wp-content\/uploads\/2022\/12\/20221206_brackch_Supporter_Cup_SL_Schilthorn.jpg?resize=810%2C608&#038;ssl=1\" alt=\"\" class=\"wp-image-5607\" srcset=\"https:\/\/i0.wp.com\/boedeli-ski.ch\/wp-content\/uploads\/2022\/12\/20221206_brackch_Supporter_Cup_SL_Schilthorn.jpg?resize=1024%2C768&amp;ssl=1 1024w, https:\/\/i0.wp.com\/boedeli-ski.ch\/wp-content\/uploads\/2022\/12\/20221206_brackch_Supporter_Cup_SL_Schilthorn.jpg?resize=300%2C225&amp;ssl=1 300w, https:\/\/i0.wp.com\/boedeli-ski.ch\/wp-content\/uploads\/2022\/12\/20221206_brackch_Supporter_Cup_SL_Schilthorn.jpg?resize=768%2C576&amp;ssl=1 768w, https:\/\/i0.wp.com\/boedeli-ski.ch\/wp-content\/uploads\/2022\/12\/20221206_brackch_Supporter_Cup_SL_Schilthorn.jpg?resize=1536%2C1152&amp;ssl=1 1536w, https:\/\/i0.wp.com\/boedeli-ski.ch\/wp-content\/uploads\/2022\/12\/20221206_brackch_Supporter_Cup_SL_Schilthorn.jpg?resize=360%2C270&amp;ssl=1 360w, https:\/\/i0.wp.com\/boedeli-ski.ch\/wp-content\/uploads\/2022\/12\/20221206_brackch_Supporter_Cup_SL_Schilthorn.jpg?resize=80%2C60&amp;ssl=1 80w, https:\/\/i0.wp.com\/boedeli-ski.ch\/wp-content\/uploads\/2022\/12\/20221206_brackch_Supporter_Cup_SL_Schilthorn.jpg?w=2048&amp;ssl=1 2048w, https:\/\/i0.wp.com\/boedeli-ski.ch\/wp-content\/uploads\/2022\/12\/20221206_brackch_Supporter_Cup_SL_Schilthorn.jpg?w=1620&amp;ssl=1 1620w\" sizes=\"auto, (max-width: 810px) 100vw, 810px\" \/><\/figure>\n<\/figure>\n","protected":false},"excerpt":{"rendered":"<p>Auf der Piste Engetal unterhalb des Schilthorns fanden Anfang Woche [&hellip;]<\/p>\n","protected":false},"author":1,"featured_media":5608,"comment_status":"closed","ping_status":"closed","sticky":false,"template":"","format":"standard","meta":{"_crdt_document":"","jetpack_post_was_ever_published":false,"_jetpack_newsletter_access":"","_jetpack_dont_email_post_to_subs":false,"_jetpack_newsletter_tier_id":0,"_jetpack_memberships_contains_paywalled_content":false,"_jetpack_memberships_contains_paid_content":false,"footnotes":""},"categories":[7,51],"tags":[],"class_list":["post-5597","post","type-post","status-publish","format-standard","has-post-thumbnail","hentry","category-bericht-training","category-saison-22-23"],"jetpack_featured_media_url":"https:\/\/i0.wp.com\/boedeli-ski.ch\/wp-content\/uploads\/2022\/12\/20221206_Start_zweiter_Renntag.jpg?fit=2500%2C1875&ssl=1","jetpack_sharing_enabled":true,"jetpack_shortlink":"https:\/\/wp.me\/p9y5Fm-1sh","_links":{"self":[{"href":"https:\/\/boedeli-ski.ch\/index.php?rest_route=\/wp\/v2\/posts\/5597","targetHints":{"allow":["GET"]}}],"collection":[{"href":"https:\/\/boedeli-ski.ch\/index.php?rest_route=\/wp\/v2\/posts"}],"about":[{"href":"https:\/\/boedeli-ski.ch\/index.php?rest_route=\/wp\/v2\/types\/post"}],"author":[{"embeddable":true,"href":"https:\/\/boedeli-ski.ch\/index.php?rest_route=\/wp\/v2\/users\/1"}],"replies":[{"embeddable":true,"href":"https:\/\/boedeli-ski.ch\/index.php?rest_route=%2Fwp%2Fv2%2Fcomments&post=5597"}],"version-history":[{"count":4,"href":"https:\/\/boedeli-ski.ch\/index.php?rest_route=\/wp\/v2\/posts\/5597\/revisions"}],"predecessor-version":[{"id":5614,"href":"https:\/\/boedeli-ski.ch\/index.php?rest_route=\/wp\/v2\/posts\/5597\/revisions\/5614"}],"wp:featuredmedia":[{"embeddable":true,"href":"https:\/\/boedeli-ski.ch\/index.php?rest_route=\/wp\/v2\/media\/5608"}],"wp:attachment":[{"href":"https:\/\/boedeli-ski.ch\/index.php?rest_route=%2Fwp%2Fv2%2Fmedia&parent=5597"}],"wp:term":[{"taxonomy":"category","embeddable":true,"href":"https:\/\/boedeli-ski.ch\/index.php?rest_route=%2Fwp%2Fv2%2Fcategories&post=5597"},{"taxonomy":"post_tag","embeddable":true,"href":"https:\/\/boedeli-ski.ch\/index.php?rest_route=%2Fwp%2Fv2%2Ftags&post=5597"}],"curies":[{"name":"wp","href":"https:\/\/api.w.org\/{rel}","templated":true}]}}