{"id":5383,"date":"2022-08-25T19:32:29","date_gmt":"2022-08-25T18:32:29","guid":{"rendered":"https:\/\/boedeli-ski.ch\/?p=5383"},"modified":"2022-09-10T10:40:29","modified_gmt":"2022-09-10T09:40:29","slug":"janette-brunner-ist-boedeli-skirennfahrerin-der-saison","status":"publish","type":"post","link":"https:\/\/boedeli-ski.ch\/?p=5383","title":{"rendered":"Janette Brunner ist \u201eB\u00f6deli Skirennfahrerin der Saison\u201c"},"content":{"rendered":"\n<p class=\"wp-block-paragraph\"><strong>Die Kaderfahrerinnen und Kaderfahrer von B\u00f6deli-Ski trafen sich am Montag, 22. August 2022, in Matten, um sich den Anwesenden im Vorfeld der Wintersaison 2022-23 ein erstes Mal zu pr\u00e4sentieren. Janette Brunner, Skiclub Habkern, wurde in diesem Rahmen f\u00fcr die Saison 2021-22 zur B\u00f6deli-Skirennfahrerin der Saison gek\u00fcrt und Kai O\u2019Brien durfte sich als Sieger des durchgef\u00fchrten Plauschwettkampfs feiern lassen.<\/strong><\/p>\n\n\n\n<p class=\"wp-block-paragraph\">B\u00f6deli-Ski konnte 14 junge Athletinnen und Athleten pr\u00e4sentieren, darunter befanden sich nebst bekannten Gesichtern auch ein paar neue Skirennfahrerinnen und Skirennfahrer, die aus dem Youngster aufgestiegen sind. In der kommenden Wintersaison sind von B\u00f6deli-Ski 11 Nachwuchsfahrerinnen und -fahrer im Regionalen Leistungszentrum vertreten und 10 Fahrerinnen und -fahrer im Region Kader. Die B\u00f6deli-Skiclubs haben zudem eine Fahrerin im Junioren Kader des BOSV sowie eine Fahrerin im Nationalen Leistungszentrum von Swiss-Ski im Winter 2022-23.<\/p>\n\n\n\n<p class=\"wp-block-paragraph\"><strong>Abwechslungsreicher Parcours als Plauschwettkampf<\/strong><\/p>\n\n\n\n<p class=\"wp-block-paragraph\">Die jungen Athletinnen und Athleten absolvierten bei der Kaderpr\u00e4sentation einen abwechslungsreichen Parcours als Plauschwettkampf. Auf einem Brett mit Rollen und mithilfe von Skist\u00f6cken mussten Tore umfahren werden, einem stehendem Wasserbecher musste ein darunterliegendes Blatt Papier entfernt werden, ohne diesen zu versch\u00fctten, und H\u00fcrden mussten untertauch respektive \u00fcbersprungen werden. Schnellster im Parcours war Kai O\u2019Brien vom Skiclub Matten. Jeder Skirennfahrer und jede Skirennfahrerin waren jedoch bereits am vergangenen Montag mit dem n\u00f6tigen Ehrgeiz und hoher Motivation am Start.<\/p>\n\n\n\n<p class=\"wp-block-paragraph\">Die Vorbereitungen f\u00fcr den bevorstehenden Winter gehen nun in die entscheidende Phase und die ersten Trainings im Schnee f\u00fcr das Region Kader von B\u00f6deli-Ski stehen im Oktober an, bis dahin wird fleissig im konditionellen Bereich trainiert.<\/p>\n\n\n\n<p class=\"wp-block-paragraph\"><strong>Janette Brunner ist \u201eB\u00f6deli Skirennfahrerin der Saison\u201c<\/strong><\/p>\n\n\n\n<p class=\"wp-block-paragraph\">Dank der Unterst\u00fctzung unseres Sponsors \u201eDie Mobiliar \u2013 Generalagentur Interlaken-Oberhasli\u201c durften wir bereits zum dritten Jahr in Folge einen Wanderpreis verleihen. J\u00e4hrlich wird im Rahmen der Kaderpr\u00e4sentation im Namen aller Clubs die Skirennfahrerin oder der Skirennfahrer der abgelaufenen Saison gek\u00fcrt. Nach Gian Adank, Skiclub Matten, im letzten Jahr wurde dieses Jahr Janette Brunner, Skiclub Habkern, diese Ehre zu teil. Sie ist im Bereich Regionalrennsport (Juniorinnen und Junioren ab U18) und somit im Angebot Regio-Ski der B\u00f6deli-Skiclubs sehr erfolgreich unterwegs. In der Saison 2021-22 konnte sie die Gesamtwertung im Berner Cup f\u00fcr sich entscheiden und erreichte an der Amateur-Schweizermeisterschaft den sehr guten 4. Platz.<\/p>\n\n\n\n<p class=\"wp-block-paragraph\">Nicolas Bachmann, Leiter Verkauf der Mobiliar, Generalagentur Interlaken-Oberhasli, \u00fcbergab den Preis pers\u00f6nlich vor Ort, rief den Anwesenden im Rahmen der Gratulation die tollen Leistungen von Janette Brunner nochmals in Erinnerung und w\u00fcnschte ihr sowie allen Anwesenden jungen Skirennfahrerinnen und Skirennfahrern alles Gute f\u00fcr die laufende Vorbereitung und die kommende Saison.<\/p>\n\n\n\n<p class=\"wp-block-paragraph\"><strong>Ausblick<\/strong><\/p>\n\n\n\n<p class=\"wp-block-paragraph\">Im Oktober feiern die B\u00f6deli-Skiclubs wiederum ihre traditionelle Wintertime Party. Diese findet bereits zum 25. Mal zur Umstellung auf die Winterzeit statt. Ein Novum wird dieses Jahr sein, dass der Anlass am Samstag und nicht wie bisher \u00fcblich am Sonntag stattfindet. Am 29. Oktober 2022 wird in B\u00f6nigen ein Plauschwettkampf und Harassenklettern f\u00fcr alle JO-Kinder der Mitgliedskiclubs an, ebenso wollen wir mit den Skiclubmitgliedern, Freunden des alpinen Skirennsports und G\u00e4sten die Wintersaison 2022-23 einl\u00e4uten. Dazu l\u00e4dt B\u00f6deli-Ski alle Interessierten herzlich ein.<\/p>\n\n\n\n<figure class=\"wp-block-gallery has-nested-images columns-1 is-cropped wp-block-gallery-1 is-layout-flex wp-block-gallery-is-layout-flex\">\n<figure class=\"wp-block-image size-large\"><a href=\"https:\/\/i0.wp.com\/boedeli-ski.ch\/wp-content\/uploads\/2022\/08\/Foto-1-scaled.jpg?ssl=1\"><img data-recalc-dims=\"1\" loading=\"lazy\" decoding=\"async\" width=\"810\" height=\"608\" data-id=\"5384\" src=\"https:\/\/i0.wp.com\/boedeli-ski.ch\/wp-content\/uploads\/2022\/08\/Foto-1.jpg?resize=810%2C608&#038;ssl=1\" alt=\"\" class=\"wp-image-5384\" srcset=\"https:\/\/i0.wp.com\/boedeli-ski.ch\/wp-content\/uploads\/2022\/08\/Foto-1-scaled.jpg?resize=1024%2C768&amp;ssl=1 1024w, https:\/\/i0.wp.com\/boedeli-ski.ch\/wp-content\/uploads\/2022\/08\/Foto-1-scaled.jpg?resize=300%2C225&amp;ssl=1 300w, https:\/\/i0.wp.com\/boedeli-ski.ch\/wp-content\/uploads\/2022\/08\/Foto-1-scaled.jpg?resize=768%2C576&amp;ssl=1 768w, https:\/\/i0.wp.com\/boedeli-ski.ch\/wp-content\/uploads\/2022\/08\/Foto-1-scaled.jpg?resize=1536%2C1152&amp;ssl=1 1536w, https:\/\/i0.wp.com\/boedeli-ski.ch\/wp-content\/uploads\/2022\/08\/Foto-1-scaled.jpg?resize=2048%2C1536&amp;ssl=1 2048w, https:\/\/i0.wp.com\/boedeli-ski.ch\/wp-content\/uploads\/2022\/08\/Foto-1-scaled.jpg?resize=360%2C270&amp;ssl=1 360w, https:\/\/i0.wp.com\/boedeli-ski.ch\/wp-content\/uploads\/2022\/08\/Foto-1-scaled.jpg?resize=80%2C60&amp;ssl=1 80w, https:\/\/i0.wp.com\/boedeli-ski.ch\/wp-content\/uploads\/2022\/08\/Foto-1-scaled.jpg?w=1620&amp;ssl=1 1620w, https:\/\/i0.wp.com\/boedeli-ski.ch\/wp-content\/uploads\/2022\/08\/Foto-1-scaled.jpg?w=2430&amp;ssl=1 2430w\" sizes=\"auto, (max-width: 810px) 100vw, 810px\" \/><\/a><\/figure>\n\n\n\n<figure class=\"wp-block-image size-large\"><a href=\"https:\/\/i0.wp.com\/boedeli-ski.ch\/wp-content\/uploads\/2022\/08\/Foto-2-scaled.jpg?ssl=1\"><img data-recalc-dims=\"1\" loading=\"lazy\" decoding=\"async\" width=\"810\" height=\"608\" data-id=\"5385\" src=\"https:\/\/i0.wp.com\/boedeli-ski.ch\/wp-content\/uploads\/2022\/08\/Foto-2.jpg?resize=810%2C608&#038;ssl=1\" alt=\"\" class=\"wp-image-5385\" srcset=\"https:\/\/i0.wp.com\/boedeli-ski.ch\/wp-content\/uploads\/2022\/08\/Foto-2-scaled.jpg?resize=1024%2C768&amp;ssl=1 1024w, https:\/\/i0.wp.com\/boedeli-ski.ch\/wp-content\/uploads\/2022\/08\/Foto-2-scaled.jpg?resize=300%2C225&amp;ssl=1 300w, https:\/\/i0.wp.com\/boedeli-ski.ch\/wp-content\/uploads\/2022\/08\/Foto-2-scaled.jpg?resize=768%2C576&amp;ssl=1 768w, https:\/\/i0.wp.com\/boedeli-ski.ch\/wp-content\/uploads\/2022\/08\/Foto-2-scaled.jpg?resize=1536%2C1152&amp;ssl=1 1536w, https:\/\/i0.wp.com\/boedeli-ski.ch\/wp-content\/uploads\/2022\/08\/Foto-2-scaled.jpg?resize=2048%2C1536&amp;ssl=1 2048w, https:\/\/i0.wp.com\/boedeli-ski.ch\/wp-content\/uploads\/2022\/08\/Foto-2-scaled.jpg?resize=360%2C270&amp;ssl=1 360w, https:\/\/i0.wp.com\/boedeli-ski.ch\/wp-content\/uploads\/2022\/08\/Foto-2-scaled.jpg?resize=80%2C60&amp;ssl=1 80w, https:\/\/i0.wp.com\/boedeli-ski.ch\/wp-content\/uploads\/2022\/08\/Foto-2-scaled.jpg?w=1620&amp;ssl=1 1620w, https:\/\/i0.wp.com\/boedeli-ski.ch\/wp-content\/uploads\/2022\/08\/Foto-2-scaled.jpg?w=2430&amp;ssl=1 2430w\" sizes=\"auto, (max-width: 810px) 100vw, 810px\" \/><\/a><\/figure>\n\n\n\n<figure class=\"wp-block-image size-large is-style-default\"><a href=\"https:\/\/i0.wp.com\/boedeli-ski.ch\/wp-content\/uploads\/2022\/08\/Foto-3-scaled.jpg?ssl=1\"><img data-recalc-dims=\"1\" loading=\"lazy\" decoding=\"async\" width=\"768\" height=\"1024\" data-id=\"5386\" src=\"https:\/\/i0.wp.com\/boedeli-ski.ch\/wp-content\/uploads\/2022\/08\/Foto-3.jpg?resize=768%2C1024&#038;ssl=1\" alt=\"\" class=\"wp-image-5386\" srcset=\"https:\/\/i0.wp.com\/boedeli-ski.ch\/wp-content\/uploads\/2022\/08\/Foto-3-scaled.jpg?resize=768%2C1024&amp;ssl=1 768w, https:\/\/i0.wp.com\/boedeli-ski.ch\/wp-content\/uploads\/2022\/08\/Foto-3-scaled.jpg?resize=225%2C300&amp;ssl=1 225w, https:\/\/i0.wp.com\/boedeli-ski.ch\/wp-content\/uploads\/2022\/08\/Foto-3-scaled.jpg?resize=1152%2C1536&amp;ssl=1 1152w, https:\/\/i0.wp.com\/boedeli-ski.ch\/wp-content\/uploads\/2022\/08\/Foto-3-scaled.jpg?resize=1536%2C2048&amp;ssl=1 1536w, https:\/\/i0.wp.com\/boedeli-ski.ch\/wp-content\/uploads\/2022\/08\/Foto-3-scaled.jpg?w=1920&amp;ssl=1 1920w, https:\/\/i0.wp.com\/boedeli-ski.ch\/wp-content\/uploads\/2022\/08\/Foto-3-scaled.jpg?w=1620&amp;ssl=1 1620w\" sizes=\"auto, (max-width: 768px) 100vw, 768px\" \/><\/a><\/figure>\n<\/figure>\n","protected":false},"excerpt":{"rendered":"<p>Die Kaderfahrerinnen und Kaderfahrer von B\u00f6deli-Ski trafen sich am Montag, [&hellip;]<\/p>\n","protected":false},"author":1,"featured_media":5388,"comment_status":"closed","ping_status":"closed","sticky":false,"template":"","format":"standard","meta":{"_crdt_document":"","jetpack_post_was_ever_published":false,"_jetpack_newsletter_access":"","_jetpack_dont_email_post_to_subs":false,"_jetpack_newsletter_tier_id":0,"_jetpack_memberships_contains_paywalled_content":false,"_jetpack_memberships_contains_paid_content":false,"footnotes":""},"categories":[7,51],"tags":[],"class_list":["post-5383","post","type-post","status-publish","format-standard","has-post-thumbnail","hentry","category-bericht-training","category-saison-22-23"],"jetpack_featured_media_url":"https:\/\/i0.wp.com\/boedeli-ski.ch\/wp-content\/uploads\/2022\/08\/Foto-2-1-scaled.jpg?fit=2560%2C1700&ssl=1","jetpack_sharing_enabled":true,"jetpack_shortlink":"https:\/\/wp.me\/p9y5Fm-1oP","_links":{"self":[{"href":"https:\/\/boedeli-ski.ch\/index.php?rest_route=\/wp\/v2\/posts\/5383","targetHints":{"allow":["GET"]}}],"collection":[{"href":"https:\/\/boedeli-ski.ch\/index.php?rest_route=\/wp\/v2\/posts"}],"about":[{"href":"https:\/\/boedeli-ski.ch\/index.php?rest_route=\/wp\/v2\/types\/post"}],"author":[{"embeddable":true,"href":"https:\/\/boedeli-ski.ch\/index.php?rest_route=\/wp\/v2\/users\/1"}],"replies":[{"embeddable":true,"href":"https:\/\/boedeli-ski.ch\/index.php?rest_route=%2Fwp%2Fv2%2Fcomments&post=5383"}],"version-history":[{"count":4,"href":"https:\/\/boedeli-ski.ch\/index.php?rest_route=\/wp\/v2\/posts\/5383\/revisions"}],"predecessor-version":[{"id":5428,"href":"https:\/\/boedeli-ski.ch\/index.php?rest_route=\/wp\/v2\/posts\/5383\/revisions\/5428"}],"wp:featuredmedia":[{"embeddable":true,"href":"https:\/\/boedeli-ski.ch\/index.php?rest_route=\/wp\/v2\/media\/5388"}],"wp:attachment":[{"href":"https:\/\/boedeli-ski.ch\/index.php?rest_route=%2Fwp%2Fv2%2Fmedia&parent=5383"}],"wp:term":[{"taxonomy":"category","embeddable":true,"href":"https:\/\/boedeli-ski.ch\/index.php?rest_route=%2Fwp%2Fv2%2Fcategories&post=5383"},{"taxonomy":"post_tag","embeddable":true,"href":"https:\/\/boedeli-ski.ch\/index.php?rest_route=%2Fwp%2Fv2%2Ftags&post=5383"}],"curies":[{"name":"wp","href":"https:\/\/api.w.org\/{rel}","templated":true}]}}