{"id":5315,"date":"2022-06-17T11:25:57","date_gmt":"2022-06-17T10:25:57","guid":{"rendered":"https:\/\/boedeli-ski.ch\/?p=5315"},"modified":"2022-06-20T06:46:41","modified_gmt":"2022-06-20T05:46:41","slug":"mitgliederversammlung-boedeli-ski","status":"publish","type":"post","link":"https:\/\/boedeli-ski.ch\/?p=5315","title":{"rendered":"Mitgliederversammlung B\u00f6deli-Ski"},"content":{"rendered":"\n<p class=\"wp-block-paragraph\"><strong>Anl\u00e4sslich der 20. Ordentlichen Mitgliederversammlung durfte B\u00f6deli-Ski, Dachverband der B\u00f6deli Skiclubs, die Vertreterinnen und Vertreter der Skiclubs begr\u00fcssen. Nebst der Abhandlung der statutarischen Gesch\u00e4fte durfte auf eine erfolgreiche Wintersaison 2021\/22, welche nach der Pandemie wieder im nahezu gewohnten Rahmen absolviert werden konnte, zur\u00fcckblicken.<\/strong><\/p>\n\n\n\n<p class=\"wp-block-paragraph\">Die vergangene Saison stand ganz im Zeichen von \u00abAuf dem Weg zur\u00fcck in die Normalit\u00e4t\u00bb &#8211; Nach Abschluss des letztj\u00e4hrigen Vereinsjahres standen, insbesondere im Zusammenhang mit der Pandemie, noch ein paar herausfordernde Situationen an. Der Trainingsbetrieb, die Anl\u00e4sse sowie auch die gesamte Wintersaison 2021 \/ 2022 konnte jedoch beinahe ohne Einschr\u00e4nkungen durchgef\u00fchrt werden. Auch unsere Mitgliederversammlung 2022 darf wieder ohne Einschr\u00e4nkungen stattfinden.<\/p>\n\n\n\n<p class=\"wp-block-paragraph\">B\u00f6deli-Ski verfolgt nach wie vor das Ziel m\u00f6glichst viele Kinder f\u00fcr den alpinen Ski(renn)sport zu motivieren. Das eigene Trainingsangebot Youngster f\u00fcr die 9- bis 11-j\u00e4hrigen Kinder sowie das Regionkader f\u00fcr Athletinnen und Athleten ab der Altersgruppe U12 unterstreichen dieses Vorhaben.<\/p>\n\n\n\n<p class=\"wp-block-paragraph\">In der abgelaufenen Saison konnten zudem diverse Anl\u00e4sse erfolgreich durchgef\u00fchrt werden. Die <a href=\"https:\/\/boedeli-ski.ch\/?page_id=4453\" data-type=\"page\" data-id=\"4453\">B\u00f6deli-Meisterschaft<\/a> konnte dieses Jahr wiederum im gewohnten Rahmen in Habkern durchgef\u00fchrt werden. Ebenfalls d\u00fcrfen wir auf eine erfolgreiche <a href=\"https:\/\/boedeli-ski.ch\/?page_id=174\" data-type=\"page\" data-id=\"174\">Bank EKI Ski Cup<\/a>-Saison zur\u00fcckblicken, dies in erster Linie dank all den motivierten Rennorganisatoren, welche grossartige Arbeit leisten und den jungen Rennfahrerinnen und Rennfahrern attraktive, interessante Wettk\u00e4mpfe erm\u00f6glichen und dem Hauptsponsor, der Bank EKI, welche uns auch noch bis 2024 unterst\u00fctzt. Mitte Februar organisierte B\u00f6deli-Ski zudem in Habkern zwei Regionalrennnen (ab Juniorenalter), wovon das erste als <a href=\"https:\/\/boedeli-ski.ch\/?page_id=5001\" data-type=\"page\" data-id=\"5001\">BOSV Meisterschaft<\/a> im Riesenslalom gewertet wurde. Unter dem Ausblick informierte B\u00f6deli-Ski zudem \u00fcber das Vorhaben kommende Saison auch f\u00fcr kleinere Rennfahrerinnen und Rennfahrer Skirennen zu organisieren. Damit wird eine L\u00fccke geschlossen und k\u00fcnftig f\u00fcr jede Altersgruppe im Skirennsport ein passendes Programm angeboten.<\/p>\n\n\n\n<p class=\"wp-block-paragraph\">Die wichtigste Basis bilden die <a href=\"https:\/\/boedeli-ski.ch\/?page_id=42\" data-type=\"URL\" data-id=\"https:\/\/boedeli-ski.ch\/?page_id=42\">Skiclubs<\/a> mit ihren JO-Angeboten. Das Trainingsangebot <a href=\"https:\/\/boedeli-ski.ch\/?page_id=506\" data-type=\"page\" data-id=\"506\">Youngster<\/a> und das <a href=\"https:\/\/boedeli-ski.ch\/?page_id=3546\" data-type=\"URL\" data-id=\"https:\/\/boedeli-ski.ch\/?page_id=3546\">Region Kader<\/a> sowie die Angebote im Bereich <a href=\"https:\/\/boedeli-ski.ch\/?page_id=2434\" data-type=\"page\" data-id=\"2434\">Regionalrennsport<\/a> und Kinderskirennen von B\u00f6deli-Ski sind eine rennsportspezifische F\u00f6rderung respektive Angebot, welche nur dank Unterst\u00fctzung der und der guten Zusammenarbeit mit den Skiclubs m\u00f6glich sind.<\/p>\n\n\n\n<p class=\"wp-block-paragraph\">Die jungen Rennfahrerinnen und Rennfahrer im Region Kader absolvierten in der vergangenen Saison insgesamt \u00fcber 100 Trainings- und Renneins\u00e4tze, auch die Kinder des Youngsters waren neben dem Clubtraining an insgesamt 25 Trainingstagen mit B\u00f6deli-Ski unterwegs.<\/p>\n\n\n\n<p class=\"wp-block-paragraph\">Dank der grossz\u00fcgigen Unterst\u00fctzung von <a href=\"https:\/\/boedeli-ski.ch\/?page_id=527\" data-type=\"URL\" data-id=\"https:\/\/boedeli-ski.ch\/?page_id=527\">Sponsoren<\/a> konnte B\u00f6deli-Ski wiederum einige Projekte in Angriff nehmen. Abgeschlossen werden konnte die Beschaffung eines <a href=\"https:\/\/boedeli-ski.ch\/?p=5186\" data-type=\"URL\" data-id=\"https:\/\/boedeli-ski.ch\/?p=5186\">mobilen Zielhauses<\/a> in Zusammenarbeit mit Wyss Holzbau, Habkern, f\u00fcr die Zeitnehmer in Habkern, welches im Winter 2021\/22 nun erstmals rege genutzt wurde.<\/p>\n\n\n\n<p class=\"wp-block-paragraph\"><strong>Statutarische Gesch\u00e4fte angenommen<\/strong><\/p>\n\n\n\n<p class=\"wp-block-paragraph\">Die statutarischen Gesch\u00e4fte der Hauptversammlung wurden von den anwesenden Mitgliedern trotz einiger Fragen und Diskussionen angenommen. Die Versammlung genehmigte den Jahresbericht, die Kader- und Jahresbeitr\u00e4ge sowie Jahresrechnung und Budget. Die zur Wiederwahl vorgeschlagenen Vorstandsmitglieder sowie der Rechnungsrevisor wurden einstimmig mit einem Applaus in ihren \u00c4mtern best\u00e4tigt.<\/p>\n\n\n\n<p class=\"wp-block-paragraph\">Abschliessend dankte die Pr\u00e4sidentin den Sponsoren und G\u00f6nnern f\u00fcr deren Treue und Unterst\u00fctzung seit vielen Jahren sowie allen Anwesenden f\u00fcr deren Einsatz zu Gunsten des alpinen Skirennsports. Ohne sie w\u00e4re ein Trainingsangebot unm\u00f6glich anzubieten.<\/p>\n\n\n\n<p class=\"wp-block-paragraph\"><strong>Ausblick<\/strong><\/p>\n\n\n\n<p class=\"wp-block-paragraph\">Die <a href=\"https:\/\/boedeli-ski.ch\/?page_id=5292\">Kaderselektionen Ski Alpin<\/a> f\u00fcr die Saison 2022\/23 wurden in Zusammenarbeit mit dem BOSV vorgenommen. Die B\u00f6deli-Skiclubs haben mit Michelle Hurni (Skiclub Matten) eine Fahrerin im NLZ Mitte Kader von Swiss-Ski, No\u00eblle M\u00fchlheim (Skiclub Matten) ist Mitglied des BOSV Juniorinnen-Kaders.<\/p>\n\n\n\n<p class=\"wp-block-paragraph\">Insgesamt wurden 11 Athletinnen und Athleten von B\u00f6deli-Skiclubs in das RLZ Jungfrau Kader und 10 in das Region Kader B\u00f6deli selektioniert.<\/p>\n\n\n\n<p class=\"wp-block-paragraph\">Das Youngster-Angebot (zus\u00e4tzliche Trainingsm\u00f6glichkeiten zum Skiclubtraining f\u00fcr j\u00fcngere Fahrer) wird im November gestartet, Anmeldungen erfolgen im Herbst \u00fcber die JO-Chefs der Skiclubs. B\u00f6deli-Ski darf auch in der kommenden Saison auf erfahrene Trainer-Crew z\u00e4hlen.<\/p>\n\n\n\n<figure class=\"wp-block-gallery has-nested-images columns-1 is-cropped wp-block-gallery-1 is-layout-flex wp-block-gallery-is-layout-flex\">\n<figure class=\"wp-block-image size-large\"><a href=\"https:\/\/i0.wp.com\/boedeli-ski.ch\/wp-content\/uploads\/2022\/06\/Foto1_RegionKader.jpg?ssl=1\"><img data-recalc-dims=\"1\" loading=\"lazy\" decoding=\"async\" width=\"810\" height=\"539\" data-id=\"5320\" src=\"https:\/\/i0.wp.com\/boedeli-ski.ch\/wp-content\/uploads\/2022\/06\/Foto1_RegionKader.jpg?resize=810%2C539&#038;ssl=1\" alt=\"\" class=\"wp-image-5320\" srcset=\"https:\/\/i0.wp.com\/boedeli-ski.ch\/wp-content\/uploads\/2022\/06\/Foto1_RegionKader.jpg?resize=1024%2C682&amp;ssl=1 1024w, https:\/\/i0.wp.com\/boedeli-ski.ch\/wp-content\/uploads\/2022\/06\/Foto1_RegionKader.jpg?resize=300%2C200&amp;ssl=1 300w, https:\/\/i0.wp.com\/boedeli-ski.ch\/wp-content\/uploads\/2022\/06\/Foto1_RegionKader.jpg?resize=768%2C512&amp;ssl=1 768w, https:\/\/i0.wp.com\/boedeli-ski.ch\/wp-content\/uploads\/2022\/06\/Foto1_RegionKader.jpg?resize=1536%2C1024&amp;ssl=1 1536w, https:\/\/i0.wp.com\/boedeli-ski.ch\/wp-content\/uploads\/2022\/06\/Foto1_RegionKader.jpg?resize=2048%2C1365&amp;ssl=1 2048w, https:\/\/i0.wp.com\/boedeli-ski.ch\/wp-content\/uploads\/2022\/06\/Foto1_RegionKader.jpg?w=1620&amp;ssl=1 1620w, https:\/\/i0.wp.com\/boedeli-ski.ch\/wp-content\/uploads\/2022\/06\/Foto1_RegionKader.jpg?w=2430&amp;ssl=1 2430w\" sizes=\"auto, (max-width: 810px) 100vw, 810px\" \/><\/a><figcaption>Roli Brunner mit Region Kader<\/figcaption><\/figure>\n\n\n\n<figure class=\"wp-block-image size-large\"><a href=\"https:\/\/i0.wp.com\/boedeli-ski.ch\/wp-content\/uploads\/2022\/04\/20220425_Selektion_Juniorinnen.jpg?ssl=1\"><img data-recalc-dims=\"1\" loading=\"lazy\" decoding=\"async\" width=\"810\" height=\"405\" data-id=\"5269\" src=\"https:\/\/i0.wp.com\/boedeli-ski.ch\/wp-content\/uploads\/2022\/04\/20220425_Selektion_Juniorinnen.jpg?resize=810%2C405&#038;ssl=1\" alt=\"\" class=\"wp-image-5269\" srcset=\"https:\/\/i0.wp.com\/boedeli-ski.ch\/wp-content\/uploads\/2022\/04\/20220425_Selektion_Juniorinnen.jpg?resize=1024%2C512&amp;ssl=1 1024w, https:\/\/i0.wp.com\/boedeli-ski.ch\/wp-content\/uploads\/2022\/04\/20220425_Selektion_Juniorinnen.jpg?resize=300%2C150&amp;ssl=1 300w, https:\/\/i0.wp.com\/boedeli-ski.ch\/wp-content\/uploads\/2022\/04\/20220425_Selektion_Juniorinnen.jpg?resize=768%2C384&amp;ssl=1 768w, https:\/\/i0.wp.com\/boedeli-ski.ch\/wp-content\/uploads\/2022\/04\/20220425_Selektion_Juniorinnen.jpg?resize=820%2C410&amp;ssl=1 820w, https:\/\/i0.wp.com\/boedeli-ski.ch\/wp-content\/uploads\/2022\/04\/20220425_Selektion_Juniorinnen.jpg?resize=880%2C440&amp;ssl=1 880w, https:\/\/i0.wp.com\/boedeli-ski.ch\/wp-content\/uploads\/2022\/04\/20220425_Selektion_Juniorinnen.jpg?w=1197&amp;ssl=1 1197w\" sizes=\"auto, (max-width: 810px) 100vw, 810px\" \/><\/a><figcaption>FIS Fahrerinnen<\/figcaption><\/figure>\n\n\n\n<figure class=\"wp-block-image size-large\"><a href=\"https:\/\/i0.wp.com\/boedeli-ski.ch\/wp-content\/uploads\/2022\/06\/Foto2_TrainingHabkern.jpg?ssl=1\"><img data-recalc-dims=\"1\" loading=\"lazy\" decoding=\"async\" width=\"810\" height=\"539\" data-id=\"5321\" src=\"https:\/\/i0.wp.com\/boedeli-ski.ch\/wp-content\/uploads\/2022\/06\/Foto2_TrainingHabkern.jpg?resize=810%2C539&#038;ssl=1\" alt=\"\" class=\"wp-image-5321\" srcset=\"https:\/\/i0.wp.com\/boedeli-ski.ch\/wp-content\/uploads\/2022\/06\/Foto2_TrainingHabkern.jpg?resize=1024%2C682&amp;ssl=1 1024w, https:\/\/i0.wp.com\/boedeli-ski.ch\/wp-content\/uploads\/2022\/06\/Foto2_TrainingHabkern.jpg?resize=300%2C200&amp;ssl=1 300w, https:\/\/i0.wp.com\/boedeli-ski.ch\/wp-content\/uploads\/2022\/06\/Foto2_TrainingHabkern.jpg?resize=768%2C512&amp;ssl=1 768w, https:\/\/i0.wp.com\/boedeli-ski.ch\/wp-content\/uploads\/2022\/06\/Foto2_TrainingHabkern.jpg?resize=1536%2C1024&amp;ssl=1 1536w, https:\/\/i0.wp.com\/boedeli-ski.ch\/wp-content\/uploads\/2022\/06\/Foto2_TrainingHabkern.jpg?resize=2048%2C1365&amp;ssl=1 2048w, https:\/\/i0.wp.com\/boedeli-ski.ch\/wp-content\/uploads\/2022\/06\/Foto2_TrainingHabkern.jpg?w=1620&amp;ssl=1 1620w, https:\/\/i0.wp.com\/boedeli-ski.ch\/wp-content\/uploads\/2022\/06\/Foto2_TrainingHabkern.jpg?w=2430&amp;ssl=1 2430w\" sizes=\"auto, (max-width: 810px) 100vw, 810px\" \/><\/a><figcaption>Start Trainingsstrecke Habkern<\/figcaption><\/figure>\n\n\n\n<figure class=\"wp-block-image size-large\"><a href=\"https:\/\/i0.wp.com\/boedeli-ski.ch\/wp-content\/uploads\/2022\/06\/Foto3_RennenHabkern-1.jpg?ssl=1\"><img data-recalc-dims=\"1\" loading=\"lazy\" decoding=\"async\" width=\"810\" height=\"539\" data-id=\"5318\" src=\"https:\/\/i0.wp.com\/boedeli-ski.ch\/wp-content\/uploads\/2022\/06\/Foto3_RennenHabkern-1.jpg?resize=810%2C539&#038;ssl=1\" alt=\"\" class=\"wp-image-5318\" srcset=\"https:\/\/i0.wp.com\/boedeli-ski.ch\/wp-content\/uploads\/2022\/06\/Foto3_RennenHabkern-1.jpg?resize=1024%2C682&amp;ssl=1 1024w, https:\/\/i0.wp.com\/boedeli-ski.ch\/wp-content\/uploads\/2022\/06\/Foto3_RennenHabkern-1.jpg?resize=300%2C200&amp;ssl=1 300w, https:\/\/i0.wp.com\/boedeli-ski.ch\/wp-content\/uploads\/2022\/06\/Foto3_RennenHabkern-1.jpg?resize=768%2C512&amp;ssl=1 768w, https:\/\/i0.wp.com\/boedeli-ski.ch\/wp-content\/uploads\/2022\/06\/Foto3_RennenHabkern-1.jpg?resize=1536%2C1024&amp;ssl=1 1536w, https:\/\/i0.wp.com\/boedeli-ski.ch\/wp-content\/uploads\/2022\/06\/Foto3_RennenHabkern-1.jpg?resize=2048%2C1365&amp;ssl=1 2048w, https:\/\/i0.wp.com\/boedeli-ski.ch\/wp-content\/uploads\/2022\/06\/Foto3_RennenHabkern-1.jpg?w=1620&amp;ssl=1 1620w, https:\/\/i0.wp.com\/boedeli-ski.ch\/wp-content\/uploads\/2022\/06\/Foto3_RennenHabkern-1.jpg?w=2430&amp;ssl=1 2430w\" sizes=\"auto, (max-width: 810px) 100vw, 810px\" \/><\/a><figcaption>BOSV Leki JO Cup Rennen Habkern<\/figcaption><\/figure>\n\n\n\n<figure class=\"wp-block-image size-large\"><a href=\"https:\/\/i0.wp.com\/boedeli-ski.ch\/wp-content\/uploads\/2022\/06\/Foto4_TrainingHabkern.jpg?ssl=1\"><img data-recalc-dims=\"1\" loading=\"lazy\" decoding=\"async\" width=\"810\" height=\"539\" data-id=\"5317\" src=\"https:\/\/i0.wp.com\/boedeli-ski.ch\/wp-content\/uploads\/2022\/06\/Foto4_TrainingHabkern.jpg?resize=810%2C539&#038;ssl=1\" alt=\"\" class=\"wp-image-5317\" srcset=\"https:\/\/i0.wp.com\/boedeli-ski.ch\/wp-content\/uploads\/2022\/06\/Foto4_TrainingHabkern.jpg?resize=1024%2C682&amp;ssl=1 1024w, https:\/\/i0.wp.com\/boedeli-ski.ch\/wp-content\/uploads\/2022\/06\/Foto4_TrainingHabkern.jpg?resize=300%2C200&amp;ssl=1 300w, https:\/\/i0.wp.com\/boedeli-ski.ch\/wp-content\/uploads\/2022\/06\/Foto4_TrainingHabkern.jpg?resize=768%2C512&amp;ssl=1 768w, https:\/\/i0.wp.com\/boedeli-ski.ch\/wp-content\/uploads\/2022\/06\/Foto4_TrainingHabkern.jpg?resize=1536%2C1024&amp;ssl=1 1536w, https:\/\/i0.wp.com\/boedeli-ski.ch\/wp-content\/uploads\/2022\/06\/Foto4_TrainingHabkern.jpg?resize=2048%2C1365&amp;ssl=1 2048w, https:\/\/i0.wp.com\/boedeli-ski.ch\/wp-content\/uploads\/2022\/06\/Foto4_TrainingHabkern.jpg?w=1620&amp;ssl=1 1620w, https:\/\/i0.wp.com\/boedeli-ski.ch\/wp-content\/uploads\/2022\/06\/Foto4_TrainingHabkern.jpg?w=2430&amp;ssl=1 2430w\" sizes=\"auto, (max-width: 810px) 100vw, 810px\" \/><\/a><figcaption>Regionalrennsport Training<\/figcaption><\/figure>\n\n\n\n<figure class=\"wp-block-image size-large\"><a href=\"https:\/\/i0.wp.com\/boedeli-ski.ch\/wp-content\/uploads\/2022\/06\/Foto5_TrainingHabkern.jpg?ssl=1\"><img data-recalc-dims=\"1\" loading=\"lazy\" decoding=\"async\" width=\"810\" height=\"540\" data-id=\"5319\" src=\"https:\/\/i0.wp.com\/boedeli-ski.ch\/wp-content\/uploads\/2022\/06\/Foto5_TrainingHabkern.jpg?resize=810%2C540&#038;ssl=1\" alt=\"\" class=\"wp-image-5319\" srcset=\"https:\/\/i0.wp.com\/boedeli-ski.ch\/wp-content\/uploads\/2022\/06\/Foto5_TrainingHabkern.jpg?resize=1024%2C683&amp;ssl=1 1024w, https:\/\/i0.wp.com\/boedeli-ski.ch\/wp-content\/uploads\/2022\/06\/Foto5_TrainingHabkern.jpg?resize=300%2C200&amp;ssl=1 300w, https:\/\/i0.wp.com\/boedeli-ski.ch\/wp-content\/uploads\/2022\/06\/Foto5_TrainingHabkern.jpg?resize=768%2C512&amp;ssl=1 768w, https:\/\/i0.wp.com\/boedeli-ski.ch\/wp-content\/uploads\/2022\/06\/Foto5_TrainingHabkern.jpg?resize=1536%2C1024&amp;ssl=1 1536w, https:\/\/i0.wp.com\/boedeli-ski.ch\/wp-content\/uploads\/2022\/06\/Foto5_TrainingHabkern.jpg?resize=2048%2C1366&amp;ssl=1 2048w, https:\/\/i0.wp.com\/boedeli-ski.ch\/wp-content\/uploads\/2022\/06\/Foto5_TrainingHabkern.jpg?w=1620&amp;ssl=1 1620w, https:\/\/i0.wp.com\/boedeli-ski.ch\/wp-content\/uploads\/2022\/06\/Foto5_TrainingHabkern.jpg?w=2430&amp;ssl=1 2430w\" sizes=\"auto, (max-width: 810px) 100vw, 810px\" \/><\/a><figcaption>Region Kader Training<\/figcaption><\/figure>\n<\/figure>\n","protected":false},"excerpt":{"rendered":"<p>Anl\u00e4sslich der 20. Ordentlichen Mitgliederversammlung durfte B\u00f6deli-Ski, Dachverband der B\u00f6deli [&hellip;]<\/p>\n","protected":false},"author":1,"featured_media":5316,"comment_status":"closed","ping_status":"closed","sticky":false,"template":"","format":"standard","meta":{"_crdt_document":"","jetpack_post_was_ever_published":false,"_jetpack_newsletter_access":"","_jetpack_dont_email_post_to_subs":false,"_jetpack_newsletter_tier_id":0,"_jetpack_memberships_contains_paywalled_content":false,"_jetpack_memberships_contains_paid_content":false,"footnotes":""},"categories":[7,30],"tags":[],"class_list":["post-5315","post","type-post","status-publish","format-standard","has-post-thumbnail","hentry","category-bericht-training","category-saison-21-22"],"jetpack_featured_media_url":"https:\/\/i0.wp.com\/boedeli-ski.ch\/wp-content\/uploads\/2022\/06\/Foto3_RennenHabkern.jpg?fit=2500%2C1666&ssl=1","jetpack_sharing_enabled":true,"jetpack_shortlink":"https:\/\/wp.me\/p9y5Fm-1nJ","_links":{"self":[{"href":"https:\/\/boedeli-ski.ch\/index.php?rest_route=\/wp\/v2\/posts\/5315","targetHints":{"allow":["GET"]}}],"collection":[{"href":"https:\/\/boedeli-ski.ch\/index.php?rest_route=\/wp\/v2\/posts"}],"about":[{"href":"https:\/\/boedeli-ski.ch\/index.php?rest_route=\/wp\/v2\/types\/post"}],"author":[{"embeddable":true,"href":"https:\/\/boedeli-ski.ch\/index.php?rest_route=\/wp\/v2\/users\/1"}],"replies":[{"embeddable":true,"href":"https:\/\/boedeli-ski.ch\/index.php?rest_route=%2Fwp%2Fv2%2Fcomments&post=5315"}],"version-history":[{"count":3,"href":"https:\/\/boedeli-ski.ch\/index.php?rest_route=\/wp\/v2\/posts\/5315\/revisions"}],"predecessor-version":[{"id":5325,"href":"https:\/\/boedeli-ski.ch\/index.php?rest_route=\/wp\/v2\/posts\/5315\/revisions\/5325"}],"wp:featuredmedia":[{"embeddable":true,"href":"https:\/\/boedeli-ski.ch\/index.php?rest_route=\/wp\/v2\/media\/5316"}],"wp:attachment":[{"href":"https:\/\/boedeli-ski.ch\/index.php?rest_route=%2Fwp%2Fv2%2Fmedia&parent=5315"}],"wp:term":[{"taxonomy":"category","embeddable":true,"href":"https:\/\/boedeli-ski.ch\/index.php?rest_route=%2Fwp%2Fv2%2Fcategories&post=5315"},{"taxonomy":"post_tag","embeddable":true,"href":"https:\/\/boedeli-ski.ch\/index.php?rest_route=%2Fwp%2Fv2%2Ftags&post=5315"}],"curies":[{"name":"wp","href":"https:\/\/api.w.org\/{rel}","templated":true}]}}