{"id":5266,"date":"2022-04-28T21:04:43","date_gmt":"2022-04-28T20:04:43","guid":{"rendered":"https:\/\/boedeli-ski.ch\/?p=5266"},"modified":"2022-04-28T21:07:41","modified_gmt":"2022-04-28T20:07:41","slug":"selektionen-juniorinnen","status":"publish","type":"post","link":"https:\/\/boedeli-ski.ch\/?p=5266","title":{"rendered":"Selektionen Juniorinnen"},"content":{"rendered":"\n<p class=\"wp-block-paragraph\">Swiss-Ski ver\u00f6ffentlichte in den letzten Tagen die Kaderselektionen der drei Nationalen Leistungszentren West, Mitte und Ost f\u00fcr die Saison 2022\/23. Michelle Hurni (SC Matten) wurde erneut ins Kader des NLZ-Mitte selektioniert.<\/p>\n\n\n\n<p class=\"wp-block-paragraph\">Ebenso ver\u00f6ffentlichte der Berner Oberl\u00e4ndische Skiverband die Kaderselektionen des Juniorinnenkader. Von den Skiklubs der Region B\u00f6deli wurde No\u00eblle M\u00fchlheim (SC Matten) selektioniert.<\/p>\n\n\n\n<p class=\"wp-block-paragraph\">Wir w\u00fcnschen beiden Athletinnen eine erfolgreiche Saison!<\/p>\n\n\n\n<p class=\"wp-block-paragraph\">Gian Adank gab Anfang April seinen R\u00fccktritt vom aktiven Skirennsport bekannt.<\/p>\n","protected":false},"excerpt":{"rendered":"<p>Swiss-Ski ver\u00f6ffentlichte in den letzten Tagen die Kaderselektionen der drei [&hellip;]<\/p>\n","protected":false},"author":1,"featured_media":5269,"comment_status":"closed","ping_status":"closed","sticky":false,"template":"","format":"standard","meta":{"_crdt_document":"","jetpack_post_was_ever_published":false,"_jetpack_newsletter_access":"","_jetpack_dont_email_post_to_subs":false,"_jetpack_newsletter_tier_id":0,"_jetpack_memberships_contains_paywalled_content":false,"_jetpack_memberships_contains_paid_content":false,"footnotes":""},"categories":[7,30],"tags":[],"class_list":["post-5266","post","type-post","status-publish","format-standard","has-post-thumbnail","hentry","category-bericht-training","category-saison-21-22"],"jetpack_featured_media_url":"https:\/\/i0.wp.com\/boedeli-ski.ch\/wp-content\/uploads\/2022\/04\/20220425_Selektion_Juniorinnen.jpg?fit=1197%2C599&ssl=1","jetpack_sharing_enabled":true,"jetpack_shortlink":"https:\/\/wp.me\/p9y5Fm-1mW","_links":{"self":[{"href":"https:\/\/boedeli-ski.ch\/index.php?rest_route=\/wp\/v2\/posts\/5266","targetHints":{"allow":["GET"]}}],"collection":[{"href":"https:\/\/boedeli-ski.ch\/index.php?rest_route=\/wp\/v2\/posts"}],"about":[{"href":"https:\/\/boedeli-ski.ch\/index.php?rest_route=\/wp\/v2\/types\/post"}],"author":[{"embeddable":true,"href":"https:\/\/boedeli-ski.ch\/index.php?rest_route=\/wp\/v2\/users\/1"}],"replies":[{"embeddable":true,"href":"https:\/\/boedeli-ski.ch\/index.php?rest_route=%2Fwp%2Fv2%2Fcomments&post=5266"}],"version-history":[{"count":1,"href":"https:\/\/boedeli-ski.ch\/index.php?rest_route=\/wp\/v2\/posts\/5266\/revisions"}],"predecessor-version":[{"id":5268,"href":"https:\/\/boedeli-ski.ch\/index.php?rest_route=\/wp\/v2\/posts\/5266\/revisions\/5268"}],"wp:featuredmedia":[{"embeddable":true,"href":"https:\/\/boedeli-ski.ch\/index.php?rest_route=\/wp\/v2\/media\/5269"}],"wp:attachment":[{"href":"https:\/\/boedeli-ski.ch\/index.php?rest_route=%2Fwp%2Fv2%2Fmedia&parent=5266"}],"wp:term":[{"taxonomy":"category","embeddable":true,"href":"https:\/\/boedeli-ski.ch\/index.php?rest_route=%2Fwp%2Fv2%2Fcategories&post=5266"},{"taxonomy":"post_tag","embeddable":true,"href":"https:\/\/boedeli-ski.ch\/index.php?rest_route=%2Fwp%2Fv2%2Ftags&post=5266"}],"curies":[{"name":"wp","href":"https:\/\/api.w.org\/{rel}","templated":true}]}}