{"id":4925,"date":"2022-02-06T22:39:53","date_gmt":"2022-02-06T21:39:53","guid":{"rendered":"https:\/\/boedeli-ski.ch\/?p=4925"},"modified":"2022-02-06T22:42:04","modified_gmt":"2022-02-06T21:42:04","slug":"erfolgreicher-start-in-den-berner-cup-alpin-2022","status":"publish","type":"post","link":"https:\/\/boedeli-ski.ch\/?p=4925","title":{"rendered":"Erfolgreicher Start in den Berner Cup Alpin 2022!"},"content":{"rendered":"\n<p class=\"wp-block-paragraph\">Bei guten Verh\u00e4ltnissen wurden heute die zwei Slalomrennen in Jaun durchgef\u00fchrt. Da die Rennen f\u00fcr verschiedene Cup-Wertungen, darunter auch zum nationalen Swiss Regio Cup z\u00e4hlte, war ein starkes Teilnehmerfeld am Start.<\/p>\n\n\n\n<p class=\"wp-block-paragraph\">Im ersten Rennen erreichten Janette Brunner (Skiclub Habkern) und Joel Jaggi (Skiclub Matten) je einen 5 Platz bei den U21 Junioren. Im zweiten Slalom erreichte Janette Brunner mit einem 2. Rang das Podest, was auch in der Swiss Regio Cup Wertung gleichbedeutend war. Joel Jaggi Rang 4 bei den U21 Junioren.<\/p>\n\n\n\n<p class=\"wp-block-paragraph\">Beide konnten sich als beste Bernerin bzw. bester Berner in beiden Rennen beweisen und so sehr gute Resultate f\u00fcr den Berner Cup erzielen!<\/p>\n\n\n\n<p class=\"wp-block-paragraph\"><a href=\"https:\/\/boedeli-ski.ch\/?page_id=4798\" data-type=\"page\" data-id=\"4798\">Ranglisten<\/a><\/p>\n\n\n\n<p class=\"wp-block-paragraph\">Als n\u00e4chstes z\u00e4hlen der Riesenslalom und der Super-G am Atzm\u00e4nnig von n\u00e4chstem Wochenende zum Berner Cup, bevor dann am 19. Februar bei uns in Habkern ein Heimrennen ansteht. Von den zwei Riesenslalom dort, wird der erste als BOSV Meisterschaft gewertet!<\/p>\n\n\n\n<p class=\"wp-block-paragraph\">Am Samstag, 12. Februar 2022 findet das n\u00e4chste BOSV Regionalrennsport Training statt:<\/p>\n\n\n\n<p class=\"wp-block-paragraph\">9.30 &#8211; 12.30 Uhr Skilift Habkern, Riesenslalom. Dies ist eine optimale M\u00f6glichkeit sich auf die Berner Cup Rennen vom 19. Februar 2022 am gleichen Hang vorzubereiten. Offen und kostenlos f\u00fcr alle Junioren:innen, Aktive und Masters der Berner Skiclubs!<\/p>\n\n\n\n<figure class=\"wp-block-gallery has-nested-images columns-1 is-cropped wp-block-gallery-1 is-layout-flex wp-block-gallery-is-layout-flex\">\n<figure class=\"wp-block-image size-large\"><img data-recalc-dims=\"1\" loading=\"lazy\" decoding=\"async\" width=\"810\" height=\"458\" data-id=\"4929\" src=\"https:\/\/i0.wp.com\/boedeli-ski.ch\/wp-content\/uploads\/2022\/02\/20220206_BernerCupStart_02.jpg?resize=810%2C458&#038;ssl=1\" alt=\"\" class=\"wp-image-4929\" srcset=\"https:\/\/i0.wp.com\/boedeli-ski.ch\/wp-content\/uploads\/2022\/02\/20220206_BernerCupStart_02.jpg?w=1019&amp;ssl=1 1019w, https:\/\/i0.wp.com\/boedeli-ski.ch\/wp-content\/uploads\/2022\/02\/20220206_BernerCupStart_02.jpg?resize=300%2C170&amp;ssl=1 300w, https:\/\/i0.wp.com\/boedeli-ski.ch\/wp-content\/uploads\/2022\/02\/20220206_BernerCupStart_02.jpg?resize=768%2C434&amp;ssl=1 768w, https:\/\/i0.wp.com\/boedeli-ski.ch\/wp-content\/uploads\/2022\/02\/20220206_BernerCupStart_02.jpg?resize=135%2C75&amp;ssl=1 135w\" sizes=\"auto, (max-width: 810px) 100vw, 810px\" \/><figcaption>v.l.n.r. Lily Zulauf (Alpina Ch\u00e2teau-d&#8217;Oex) , Mich\u00e8le Wicki (Sch\u00fcpfheim), Janette Brunner (Habkern)<\/figcaption><\/figure>\n\n\n\n<figure class=\"wp-block-image size-large\"><img data-recalc-dims=\"1\" loading=\"lazy\" decoding=\"async\" width=\"810\" height=\"457\" data-id=\"4928\" src=\"https:\/\/i0.wp.com\/boedeli-ski.ch\/wp-content\/uploads\/2022\/02\/20220206_BernerCupStart_03.jpg?resize=810%2C457&#038;ssl=1\" alt=\"\" class=\"wp-image-4928\" srcset=\"https:\/\/i0.wp.com\/boedeli-ski.ch\/wp-content\/uploads\/2022\/02\/20220206_BernerCupStart_03.jpg?resize=1024%2C578&amp;ssl=1 1024w, https:\/\/i0.wp.com\/boedeli-ski.ch\/wp-content\/uploads\/2022\/02\/20220206_BernerCupStart_03.jpg?resize=300%2C169&amp;ssl=1 300w, https:\/\/i0.wp.com\/boedeli-ski.ch\/wp-content\/uploads\/2022\/02\/20220206_BernerCupStart_03.jpg?resize=768%2C434&amp;ssl=1 768w, https:\/\/i0.wp.com\/boedeli-ski.ch\/wp-content\/uploads\/2022\/02\/20220206_BernerCupStart_03.jpg?resize=135%2C75&amp;ssl=1 135w, https:\/\/i0.wp.com\/boedeli-ski.ch\/wp-content\/uploads\/2022\/02\/20220206_BernerCupStart_03.jpg?w=1080&amp;ssl=1 1080w\" sizes=\"auto, (max-width: 810px) 100vw, 810px\" \/><\/figure>\n\n\n\n<figure class=\"wp-block-image size-large\"><img data-recalc-dims=\"1\" loading=\"lazy\" decoding=\"async\" width=\"810\" height=\"457\" data-id=\"4930\" src=\"https:\/\/i0.wp.com\/boedeli-ski.ch\/wp-content\/uploads\/2022\/02\/20220206_BernerCupStart_04.jpg?resize=810%2C457&#038;ssl=1\" alt=\"\" class=\"wp-image-4930\" srcset=\"https:\/\/i0.wp.com\/boedeli-ski.ch\/wp-content\/uploads\/2022\/02\/20220206_BernerCupStart_04.jpg?resize=1024%2C578&amp;ssl=1 1024w, https:\/\/i0.wp.com\/boedeli-ski.ch\/wp-content\/uploads\/2022\/02\/20220206_BernerCupStart_04.jpg?resize=300%2C169&amp;ssl=1 300w, https:\/\/i0.wp.com\/boedeli-ski.ch\/wp-content\/uploads\/2022\/02\/20220206_BernerCupStart_04.jpg?resize=768%2C434&amp;ssl=1 768w, https:\/\/i0.wp.com\/boedeli-ski.ch\/wp-content\/uploads\/2022\/02\/20220206_BernerCupStart_04.jpg?resize=135%2C75&amp;ssl=1 135w, https:\/\/i0.wp.com\/boedeli-ski.ch\/wp-content\/uploads\/2022\/02\/20220206_BernerCupStart_04.jpg?w=1080&amp;ssl=1 1080w\" sizes=\"auto, (max-width: 810px) 100vw, 810px\" \/><\/figure>\n<\/figure>\n","protected":false},"excerpt":{"rendered":"<p>Bei guten Verh\u00e4ltnissen wurden heute die zwei Slalomrennen in Jaun [&hellip;]<\/p>\n","protected":false},"author":3,"featured_media":4926,"comment_status":"closed","ping_status":"closed","sticky":false,"template":"","format":"standard","meta":{"_crdt_document":"","jetpack_post_was_ever_published":false,"_jetpack_newsletter_access":"","_jetpack_dont_email_post_to_subs":false,"_jetpack_newsletter_tier_id":0,"_jetpack_memberships_contains_paywalled_content":false,"_jetpack_memberships_contains_paid_content":false,"footnotes":""},"categories":[7,30],"tags":[],"class_list":["post-4925","post","type-post","status-publish","format-standard","has-post-thumbnail","hentry","category-bericht-training","category-saison-21-22"],"jetpack_featured_media_url":"https:\/\/i0.wp.com\/boedeli-ski.ch\/wp-content\/uploads\/2022\/02\/20220206_BernerCupStart_01.jpg?fit=1080%2C608&ssl=1","jetpack_sharing_enabled":true,"jetpack_shortlink":"https:\/\/wp.me\/p9y5Fm-1hr","_links":{"self":[{"href":"https:\/\/boedeli-ski.ch\/index.php?rest_route=\/wp\/v2\/posts\/4925","targetHints":{"allow":["GET"]}}],"collection":[{"href":"https:\/\/boedeli-ski.ch\/index.php?rest_route=\/wp\/v2\/posts"}],"about":[{"href":"https:\/\/boedeli-ski.ch\/index.php?rest_route=\/wp\/v2\/types\/post"}],"author":[{"embeddable":true,"href":"https:\/\/boedeli-ski.ch\/index.php?rest_route=\/wp\/v2\/users\/3"}],"replies":[{"embeddable":true,"href":"https:\/\/boedeli-ski.ch\/index.php?rest_route=%2Fwp%2Fv2%2Fcomments&post=4925"}],"version-history":[{"count":3,"href":"https:\/\/boedeli-ski.ch\/index.php?rest_route=\/wp\/v2\/posts\/4925\/revisions"}],"predecessor-version":[{"id":4933,"href":"https:\/\/boedeli-ski.ch\/index.php?rest_route=\/wp\/v2\/posts\/4925\/revisions\/4933"}],"wp:featuredmedia":[{"embeddable":true,"href":"https:\/\/boedeli-ski.ch\/index.php?rest_route=\/wp\/v2\/media\/4926"}],"wp:attachment":[{"href":"https:\/\/boedeli-ski.ch\/index.php?rest_route=%2Fwp%2Fv2%2Fmedia&parent=4925"}],"wp:term":[{"taxonomy":"category","embeddable":true,"href":"https:\/\/boedeli-ski.ch\/index.php?rest_route=%2Fwp%2Fv2%2Fcategories&post=4925"},{"taxonomy":"post_tag","embeddable":true,"href":"https:\/\/boedeli-ski.ch\/index.php?rest_route=%2Fwp%2Fv2%2Ftags&post=4925"}],"curies":[{"name":"wp","href":"https:\/\/api.w.org\/{rel}","templated":true}]}}