{"id":4330,"date":"2021-08-20T14:39:49","date_gmt":"2021-08-20T13:39:49","guid":{"rendered":"https:\/\/boedeli-ski.ch\/?p=4330"},"modified":"2021-08-20T14:42:26","modified_gmt":"2021-08-20T13:42:26","slug":"gian-adank-ist-boedeli-skirennfahrer-der-saison","status":"publish","type":"post","link":"https:\/\/boedeli-ski.ch\/?p=4330","title":{"rendered":"Gian Adank ist \u201eB\u00f6deli Skirennfahrer der Saison\u201c"},"content":{"rendered":"\n<p class=\"wp-block-paragraph\"><strong><strong>Am Montag, 16. August 2021, wurden die Kaderfahrerinnen und -fahrer Ski Alpin der B\u00f6deli Skiclubs zu einem Infoanlass eingeladen, Gian Adank wurde zum B\u00f6deli Skirennfahrer der vergangenen Saison gek\u00fcrt und Bj\u00f6rn Gafner durfte sich als Sieger des ersten \u201eParallelslalom\u201c der neuen Saison feiern lassen.<\/strong><\/strong><\/p>\n\n\n\n<div class=\"wp-block-jetpack-slideshow aligncenter\" data-autoplay=\"true\" data-delay=\"2\" data-effect=\"slide\"><div class=\"wp-block-jetpack-slideshow_container swiper-container\"><ul class=\"wp-block-jetpack-slideshow_swiper-wrapper swiper-wrapper\"><li class=\"wp-block-jetpack-slideshow_slide swiper-slide\"><figure><img data-recalc-dims=\"1\" loading=\"lazy\" decoding=\"async\" width=\"810\" height=\"540\" alt=\"\" class=\"wp-block-jetpack-slideshow_image wp-image-4333\" data-id=\"4333\" src=\"https:\/\/i0.wp.com\/boedeli-ski.ch\/wp-content\/uploads\/2021\/08\/2021-08-16_Kaderpraesentation_3-scaled.jpg?resize=810%2C540&#038;ssl=1\" srcset=\"https:\/\/i0.wp.com\/boedeli-ski.ch\/wp-content\/uploads\/2021\/08\/2021-08-16_Kaderpraesentation_3-scaled.jpg?w=2560&amp;ssl=1 2560w, https:\/\/i0.wp.com\/boedeli-ski.ch\/wp-content\/uploads\/2021\/08\/2021-08-16_Kaderpraesentation_3-scaled.jpg?resize=300%2C200&amp;ssl=1 300w, https:\/\/i0.wp.com\/boedeli-ski.ch\/wp-content\/uploads\/2021\/08\/2021-08-16_Kaderpraesentation_3-scaled.jpg?resize=1024%2C683&amp;ssl=1 1024w, https:\/\/i0.wp.com\/boedeli-ski.ch\/wp-content\/uploads\/2021\/08\/2021-08-16_Kaderpraesentation_3-scaled.jpg?resize=768%2C512&amp;ssl=1 768w, https:\/\/i0.wp.com\/boedeli-ski.ch\/wp-content\/uploads\/2021\/08\/2021-08-16_Kaderpraesentation_3-scaled.jpg?resize=1536%2C1024&amp;ssl=1 1536w, https:\/\/i0.wp.com\/boedeli-ski.ch\/wp-content\/uploads\/2021\/08\/2021-08-16_Kaderpraesentation_3-scaled.jpg?resize=2048%2C1365&amp;ssl=1 2048w, https:\/\/i0.wp.com\/boedeli-ski.ch\/wp-content\/uploads\/2021\/08\/2021-08-16_Kaderpraesentation_3-scaled.jpg?w=1620&amp;ssl=1 1620w, https:\/\/i0.wp.com\/boedeli-ski.ch\/wp-content\/uploads\/2021\/08\/2021-08-16_Kaderpraesentation_3-scaled.jpg?w=2430&amp;ssl=1 2430w\" sizes=\"(max-width: 810px) 100vw, 810px\" \/><figcaption class=\"wp-block-jetpack-slideshow_caption gallery-caption\">voller Einsatz von Cyrill Gisler<\/figcaption><\/figure><\/li><li class=\"wp-block-jetpack-slideshow_slide swiper-slide\"><figure><img data-recalc-dims=\"1\" loading=\"lazy\" decoding=\"async\" width=\"810\" height=\"540\" alt=\"\" class=\"wp-block-jetpack-slideshow_image wp-image-4337\" data-id=\"4337\" src=\"https:\/\/i0.wp.com\/boedeli-ski.ch\/wp-content\/uploads\/2021\/08\/Gian-Adank_Boedeli-Skirennfahrer-der-Saison-scaled.jpg?resize=810%2C540&#038;ssl=1\" srcset=\"https:\/\/i0.wp.com\/boedeli-ski.ch\/wp-content\/uploads\/2021\/08\/Gian-Adank_Boedeli-Skirennfahrer-der-Saison-scaled.jpg?w=2560&amp;ssl=1 2560w, https:\/\/i0.wp.com\/boedeli-ski.ch\/wp-content\/uploads\/2021\/08\/Gian-Adank_Boedeli-Skirennfahrer-der-Saison-scaled.jpg?resize=300%2C200&amp;ssl=1 300w, https:\/\/i0.wp.com\/boedeli-ski.ch\/wp-content\/uploads\/2021\/08\/Gian-Adank_Boedeli-Skirennfahrer-der-Saison-scaled.jpg?resize=1024%2C683&amp;ssl=1 1024w, https:\/\/i0.wp.com\/boedeli-ski.ch\/wp-content\/uploads\/2021\/08\/Gian-Adank_Boedeli-Skirennfahrer-der-Saison-scaled.jpg?resize=768%2C512&amp;ssl=1 768w, https:\/\/i0.wp.com\/boedeli-ski.ch\/wp-content\/uploads\/2021\/08\/Gian-Adank_Boedeli-Skirennfahrer-der-Saison-scaled.jpg?resize=1536%2C1024&amp;ssl=1 1536w, https:\/\/i0.wp.com\/boedeli-ski.ch\/wp-content\/uploads\/2021\/08\/Gian-Adank_Boedeli-Skirennfahrer-der-Saison-scaled.jpg?resize=2048%2C1365&amp;ssl=1 2048w, https:\/\/i0.wp.com\/boedeli-ski.ch\/wp-content\/uploads\/2021\/08\/Gian-Adank_Boedeli-Skirennfahrer-der-Saison-scaled.jpg?w=1620&amp;ssl=1 1620w, https:\/\/i0.wp.com\/boedeli-ski.ch\/wp-content\/uploads\/2021\/08\/Gian-Adank_Boedeli-Skirennfahrer-der-Saison-scaled.jpg?w=2430&amp;ssl=1 2430w\" sizes=\"(max-width: 810px) 100vw, 810px\" \/><figcaption class=\"wp-block-jetpack-slideshow_caption gallery-caption\">Preis\u00fcbergabe durch Guido Wittwer an Gian Adank<\/figcaption><\/figure><\/li><li class=\"wp-block-jetpack-slideshow_slide swiper-slide\"><figure><img data-recalc-dims=\"1\" loading=\"lazy\" decoding=\"async\" width=\"810\" height=\"540\" alt=\"\" class=\"wp-block-jetpack-slideshow_image wp-image-4335\" data-id=\"4335\" src=\"https:\/\/i0.wp.com\/boedeli-ski.ch\/wp-content\/uploads\/2021\/08\/2021-08-16_Kaderpraesentation_5-scaled.jpg?resize=810%2C540&#038;ssl=1\" srcset=\"https:\/\/i0.wp.com\/boedeli-ski.ch\/wp-content\/uploads\/2021\/08\/2021-08-16_Kaderpraesentation_5-scaled.jpg?w=2560&amp;ssl=1 2560w, https:\/\/i0.wp.com\/boedeli-ski.ch\/wp-content\/uploads\/2021\/08\/2021-08-16_Kaderpraesentation_5-scaled.jpg?resize=300%2C200&amp;ssl=1 300w, https:\/\/i0.wp.com\/boedeli-ski.ch\/wp-content\/uploads\/2021\/08\/2021-08-16_Kaderpraesentation_5-scaled.jpg?resize=1024%2C683&amp;ssl=1 1024w, https:\/\/i0.wp.com\/boedeli-ski.ch\/wp-content\/uploads\/2021\/08\/2021-08-16_Kaderpraesentation_5-scaled.jpg?resize=768%2C512&amp;ssl=1 768w, https:\/\/i0.wp.com\/boedeli-ski.ch\/wp-content\/uploads\/2021\/08\/2021-08-16_Kaderpraesentation_5-scaled.jpg?resize=1536%2C1024&amp;ssl=1 1536w, https:\/\/i0.wp.com\/boedeli-ski.ch\/wp-content\/uploads\/2021\/08\/2021-08-16_Kaderpraesentation_5-scaled.jpg?resize=2048%2C1365&amp;ssl=1 2048w, https:\/\/i0.wp.com\/boedeli-ski.ch\/wp-content\/uploads\/2021\/08\/2021-08-16_Kaderpraesentation_5-scaled.jpg?w=1620&amp;ssl=1 1620w, https:\/\/i0.wp.com\/boedeli-ski.ch\/wp-content\/uploads\/2021\/08\/2021-08-16_Kaderpraesentation_5-scaled.jpg?w=2430&amp;ssl=1 2430w\" sizes=\"(max-width: 810px) 100vw, 810px\" \/><figcaption class=\"wp-block-jetpack-slideshow_caption gallery-caption\">Gian Adank, Jonas Blatter &amp; Sandro Weber (v.l.n.r.)<\/figcaption><\/figure><\/li><li class=\"wp-block-jetpack-slideshow_slide swiper-slide\"><figure><img data-recalc-dims=\"1\" loading=\"lazy\" decoding=\"async\" width=\"810\" height=\"540\" alt=\"\" class=\"wp-block-jetpack-slideshow_image wp-image-4334\" data-id=\"4334\" src=\"https:\/\/i0.wp.com\/boedeli-ski.ch\/wp-content\/uploads\/2021\/08\/2021-08-16_Kaderpraesentation_4-scaled.jpg?resize=810%2C540&#038;ssl=1\" srcset=\"https:\/\/i0.wp.com\/boedeli-ski.ch\/wp-content\/uploads\/2021\/08\/2021-08-16_Kaderpraesentation_4-scaled.jpg?w=2560&amp;ssl=1 2560w, https:\/\/i0.wp.com\/boedeli-ski.ch\/wp-content\/uploads\/2021\/08\/2021-08-16_Kaderpraesentation_4-scaled.jpg?resize=300%2C200&amp;ssl=1 300w, https:\/\/i0.wp.com\/boedeli-ski.ch\/wp-content\/uploads\/2021\/08\/2021-08-16_Kaderpraesentation_4-scaled.jpg?resize=1024%2C683&amp;ssl=1 1024w, https:\/\/i0.wp.com\/boedeli-ski.ch\/wp-content\/uploads\/2021\/08\/2021-08-16_Kaderpraesentation_4-scaled.jpg?resize=768%2C512&amp;ssl=1 768w, https:\/\/i0.wp.com\/boedeli-ski.ch\/wp-content\/uploads\/2021\/08\/2021-08-16_Kaderpraesentation_4-scaled.jpg?resize=1536%2C1024&amp;ssl=1 1536w, https:\/\/i0.wp.com\/boedeli-ski.ch\/wp-content\/uploads\/2021\/08\/2021-08-16_Kaderpraesentation_4-scaled.jpg?resize=2048%2C1365&amp;ssl=1 2048w, https:\/\/i0.wp.com\/boedeli-ski.ch\/wp-content\/uploads\/2021\/08\/2021-08-16_Kaderpraesentation_4-scaled.jpg?w=1620&amp;ssl=1 1620w, https:\/\/i0.wp.com\/boedeli-ski.ch\/wp-content\/uploads\/2021\/08\/2021-08-16_Kaderpraesentation_4-scaled.jpg?w=2430&amp;ssl=1 2430w\" sizes=\"(max-width: 810px) 100vw, 810px\" \/><figcaption class=\"wp-block-jetpack-slideshow_caption gallery-caption\">Elena Zingg im blauen Kurs<\/figcaption><\/figure><\/li><li class=\"wp-block-jetpack-slideshow_slide swiper-slide\"><figure><img data-recalc-dims=\"1\" loading=\"lazy\" decoding=\"async\" width=\"810\" height=\"1215\" alt=\"\" class=\"wp-block-jetpack-slideshow_image wp-image-4336\" data-id=\"4336\" src=\"https:\/\/i0.wp.com\/boedeli-ski.ch\/wp-content\/uploads\/2021\/08\/2021-08-16_Kaderpraesentation_6-scaled.jpg?resize=810%2C1215&#038;ssl=1\" srcset=\"https:\/\/i0.wp.com\/boedeli-ski.ch\/wp-content\/uploads\/2021\/08\/2021-08-16_Kaderpraesentation_6-scaled.jpg?w=1707&amp;ssl=1 1707w, https:\/\/i0.wp.com\/boedeli-ski.ch\/wp-content\/uploads\/2021\/08\/2021-08-16_Kaderpraesentation_6-scaled.jpg?resize=200%2C300&amp;ssl=1 200w, https:\/\/i0.wp.com\/boedeli-ski.ch\/wp-content\/uploads\/2021\/08\/2021-08-16_Kaderpraesentation_6-scaled.jpg?resize=683%2C1024&amp;ssl=1 683w, https:\/\/i0.wp.com\/boedeli-ski.ch\/wp-content\/uploads\/2021\/08\/2021-08-16_Kaderpraesentation_6-scaled.jpg?resize=768%2C1152&amp;ssl=1 768w, https:\/\/i0.wp.com\/boedeli-ski.ch\/wp-content\/uploads\/2021\/08\/2021-08-16_Kaderpraesentation_6-scaled.jpg?resize=1024%2C1536&amp;ssl=1 1024w, https:\/\/i0.wp.com\/boedeli-ski.ch\/wp-content\/uploads\/2021\/08\/2021-08-16_Kaderpraesentation_6-scaled.jpg?resize=1365%2C2048&amp;ssl=1 1365w, https:\/\/i0.wp.com\/boedeli-ski.ch\/wp-content\/uploads\/2021\/08\/2021-08-16_Kaderpraesentation_6-scaled.jpg?w=1620&amp;ssl=1 1620w\" sizes=\"(max-width: 810px) 100vw, 810px\" \/><figcaption class=\"wp-block-jetpack-slideshow_caption gallery-caption\">Gian Adank mit dem Wanderpreis \u201eB\u00f6deli Skirennfahrer der Saison\u201c<\/figcaption><\/figure><\/li><li class=\"wp-block-jetpack-slideshow_slide swiper-slide\"><figure><img data-recalc-dims=\"1\" loading=\"lazy\" decoding=\"async\" width=\"810\" height=\"540\" alt=\"\" class=\"wp-block-jetpack-slideshow_image wp-image-4338\" data-id=\"4338\" src=\"https:\/\/i0.wp.com\/boedeli-ski.ch\/wp-content\/uploads\/2021\/08\/Kaderfahrerinnen-fahrer_von_Boedeli-Ski-scaled.jpg?resize=810%2C540&#038;ssl=1\" srcset=\"https:\/\/i0.wp.com\/boedeli-ski.ch\/wp-content\/uploads\/2021\/08\/Kaderfahrerinnen-fahrer_von_Boedeli-Ski-scaled.jpg?w=2560&amp;ssl=1 2560w, https:\/\/i0.wp.com\/boedeli-ski.ch\/wp-content\/uploads\/2021\/08\/Kaderfahrerinnen-fahrer_von_Boedeli-Ski-scaled.jpg?resize=300%2C200&amp;ssl=1 300w, https:\/\/i0.wp.com\/boedeli-ski.ch\/wp-content\/uploads\/2021\/08\/Kaderfahrerinnen-fahrer_von_Boedeli-Ski-scaled.jpg?resize=1024%2C683&amp;ssl=1 1024w, https:\/\/i0.wp.com\/boedeli-ski.ch\/wp-content\/uploads\/2021\/08\/Kaderfahrerinnen-fahrer_von_Boedeli-Ski-scaled.jpg?resize=768%2C512&amp;ssl=1 768w, https:\/\/i0.wp.com\/boedeli-ski.ch\/wp-content\/uploads\/2021\/08\/Kaderfahrerinnen-fahrer_von_Boedeli-Ski-scaled.jpg?resize=1536%2C1024&amp;ssl=1 1536w, https:\/\/i0.wp.com\/boedeli-ski.ch\/wp-content\/uploads\/2021\/08\/Kaderfahrerinnen-fahrer_von_Boedeli-Ski-scaled.jpg?resize=2048%2C1366&amp;ssl=1 2048w, https:\/\/i0.wp.com\/boedeli-ski.ch\/wp-content\/uploads\/2021\/08\/Kaderfahrerinnen-fahrer_von_Boedeli-Ski-scaled.jpg?w=1620&amp;ssl=1 1620w, https:\/\/i0.wp.com\/boedeli-ski.ch\/wp-content\/uploads\/2021\/08\/Kaderfahrerinnen-fahrer_von_Boedeli-Ski-scaled.jpg?w=2430&amp;ssl=1 2430w\" sizes=\"(max-width: 810px) 100vw, 810px\" \/><figcaption class=\"wp-block-jetpack-slideshow_caption gallery-caption\">Kaderfahrer:innen B\u00f6deli-Ski Ski Alpin<\/figcaption><\/figure><\/li><\/ul><a class=\"wp-block-jetpack-slideshow_button-prev swiper-button-prev swiper-button-white\" role=\"button\"><\/a><a class=\"wp-block-jetpack-slideshow_button-next swiper-button-next swiper-button-white\" role=\"button\"><\/a><a aria-label=\"Pause Slideshow\" class=\"wp-block-jetpack-slideshow_button-pause\" role=\"button\"><\/a><div class=\"wp-block-jetpack-slideshow_pagination swiper-pagination swiper-pagination-white\"><\/div><\/div><\/div>\n\n\n\n<p class=\"wp-block-paragraph\">B\u00f6deli-Ski konnte 18 junge Athlet:innen pr\u00e4sentieren, darunter befanden sich nebst bekannten Gesichtern auch ein paar neue Skirennfahrer:innen, die aus dem Youngster aufgestiegen sind. So ist B\u00f6deli-Ski im Regionalen Leistungszentrum mit insgesamt 7 Athlet:innen vertreten. Im Region Kader sind 11 Nachwuchsfahrer:innen in die neue Saison gestartet. Die Skiclubs auf dem B\u00f6deli sind weiter mit 3 Athleten in den Junioreninnen- und Swiss-Ski Kader vertreten.<\/p>\n\n\n\n<p class=\"wp-block-paragraph\"><strong>Plauschwettkampf und Information<\/strong><\/p>\n\n\n\n<p class=\"wp-block-paragraph\">Die M\u00e4dchen und Knaben absolvierten allesamt ihren ersten Parallelslalom der neuen Saison \u2013 mit Turnschuhen statt Ski an den F\u00fcssen hiess es schneller als der Gegner zu sein. Der Basketballwurf zum Ende des Laufes sorgte daf\u00fcr, dass auch die j\u00fcngeren Fahrer die Chance hatten gegen die \u00c4lteren zu gewinnen. Im KO-System hat sich Bj\u00f6rn Gafner, Skiclub Wilderswil, vor Nicola Feuz, Skiclub B\u00f6nigen und Angela R\u00fcegsegger, Skiclub Matten, durchgesetzt.<\/p>\n\n\n\n<p class=\"wp-block-paragraph\">Vor Beginn des Plauschwettkampfes wurden die Fahrer:innen des Region Kaders und deren Eltern noch von Peter Bernet, dem technischen Leiter von B\u00f6deli-Ski, \u00fcber die neue Saison informiert. Im Oktober stehen die ersten Trainings im Schnee an und bis dahin wird fleissig an der Kondition trainiert.<\/p>\n\n\n\n<blockquote class=\"wp-block-quote is-layout-flow wp-block-quote-is-layout-flow\"><p><span class=\"has-inline-color has-dark-gray-color\">\u00abWir hoffen auf eine normale Rennsaison, doch vom letzten Jahr wissen wir, dass wir auch spontan und flexibel sein m\u00fcssen und dies auch k\u00f6nnen\u00bb<\/span><\/p><cite><span class=\"has-inline-color has-dark-gray-color\">so Peter Bernet bei der Kaderinformation<\/span><\/cite><\/blockquote>\n\n\n\n<p class=\"wp-block-paragraph\"><strong>Gian Adank ist \u201eB\u00f6deli Skirennfahrer der Saison\u201c<\/strong><\/p>\n\n\n\n<p class=\"wp-block-paragraph\">Mit grosser Freude und dank der Unterst\u00fctzung unseres Sponsors \u201eDie Mobiliar \u2013 Generalagentur Interlaken-Oberhasli\u201c d\u00fcrfen wir seit letzter Saison einen Wanderpreis vergeben. J\u00e4hrlich zum Saisonende k\u00fcrt B\u00f6deli-Ski nun im Namen aller Clubs die Skirennfahrerin oder den Skirennfahrer der Saison. Nach Michelle Hurni im letzten Jahr ist Gian Adank, ebenfalls vom Skiclub Matten, der Gewinner des Preises. Als erster Skirennfahrer seit Jahren vom B\u00f6deli, der im Europacup startete und zudem mit einem erfolgreichen Resultat auf sich aufmerksam machen konnte, hat Gian Adank diese Auszeichnung sehr verdient. Gerade weil der Rest der Saison leider verletzungsbedingt nicht wunschgem\u00e4ss verlaufen ist, soll der Preis auch als Motivation f\u00fcr die kommenden Trainings und die bevorstehende Saison dienen. Ebenso soll dies die Nachwuchsfahrerinnen und -fahrer motivieren hart zu trainieren, um auch solche Resultate in Zukunft erzielen zu k\u00f6nnen.<br>Guido Wittwer, Leiter Generalagentur Mobiliar Interlaken-Oberhasli, welcher der Preis vor Ort \u00fcbergeben durfte, fand im Rahmen seiner Gratulation auch bewundernde Worte f\u00fcr seine Leistung und w\u00fcnschte ihm f\u00fcr die kommende Saison alles Gute.<\/p>\n\n\n\n<p class=\"wp-block-paragraph\"><strong>Ausblick<\/strong><\/p>\n\n\n\n<p class=\"wp-block-paragraph\">Der n\u00e4chste Anlass wird die traditionelle Wintertime Party am 31. Oktober 2021, zur Umstellung auf die Winterzeit, sein. Dazu l\u00e4dt B\u00f6deli-Ski alle Mitgliedsskiclubs mit allen ihren JO-Kindern ein.<\/p>\n\n\n\n<p class=\"wp-block-paragraph\">\u2013 Link <a href=\"https:\/\/boedeli-ski.ch\/?page_id=35\" data-type=\"URL\" data-id=\"https:\/\/boedeli-ski.ch\/?page_id=35\">Wintertime-Party<\/a><\/p>\n\n\n\n<figure class=\"wp-block-image size-large is-resized\"><img data-recalc-dims=\"1\" loading=\"lazy\" decoding=\"async\" src=\"https:\/\/i0.wp.com\/boedeli-ski.ch\/wp-content\/uploads\/2021\/08\/Titelbild-Wintertime-Party-1.png?resize=432%2C99&#038;ssl=1\" alt=\"\" class=\"wp-image-4356\" width=\"432\" height=\"99\" srcset=\"https:\/\/i0.wp.com\/boedeli-ski.ch\/wp-content\/uploads\/2021\/08\/Titelbild-Wintertime-Party-1.png?resize=1024%2C236&amp;ssl=1 1024w, https:\/\/i0.wp.com\/boedeli-ski.ch\/wp-content\/uploads\/2021\/08\/Titelbild-Wintertime-Party-1.png?resize=300%2C69&amp;ssl=1 300w, https:\/\/i0.wp.com\/boedeli-ski.ch\/wp-content\/uploads\/2021\/08\/Titelbild-Wintertime-Party-1.png?resize=768%2C177&amp;ssl=1 768w, https:\/\/i0.wp.com\/boedeli-ski.ch\/wp-content\/uploads\/2021\/08\/Titelbild-Wintertime-Party-1.png?w=1278&amp;ssl=1 1278w\" sizes=\"auto, (max-width: 432px) 100vw, 432px\" \/><\/figure>\n","protected":false},"excerpt":{"rendered":"<p>Am 16. August 2021, wurden die Kaderfahrer:innen Ski Alpin der B\u00f6deli Skiclubs zu einem Infoanlass eingeladen, Gian Adank wurde zum B\u00f6deli Skirennfahrer der vergangenen Saison gek\u00fcrt und Bj\u00f6rn Gafner durfte sich als Sieger des ersten \u201eParallelslalom\u201c der neuen Saison feiern lassen.<\/p>\n","protected":false},"author":3,"featured_media":4339,"comment_status":"closed","ping_status":"closed","sticky":false,"template":"","format":"standard","meta":{"_crdt_document":"","jetpack_post_was_ever_published":false,"_jetpack_newsletter_access":"","_jetpack_dont_email_post_to_subs":false,"_jetpack_newsletter_tier_id":0,"_jetpack_memberships_contains_paywalled_content":false,"_jetpack_memberships_contains_paid_content":false,"footnotes":""},"categories":[7,30],"tags":[22,27,28,24,29],"class_list":["post-4330","post","type-post","status-publish","format-standard","has-post-thumbnail","hentry","category-bericht-training","category-saison-21-22","tag-berner-oberlaendischer-skiverband","tag-boedeli-skirennfahrer-der-saison","tag-boedeli-skirennfahrerin-der-saison","tag-boedeli-ski","tag-kaderpraesentation"],"jetpack_featured_media_url":"https:\/\/i0.wp.com\/boedeli-ski.ch\/wp-content\/uploads\/2021\/08\/TITELBILD_Kaderfahrerinnen-fahrer_von_Boedeli-Ski-scaled.jpg?fit=2560%2C1280&ssl=1","jetpack_sharing_enabled":true,"jetpack_shortlink":"https:\/\/wp.me\/p9y5Fm-17Q","_links":{"self":[{"href":"https:\/\/boedeli-ski.ch\/index.php?rest_route=\/wp\/v2\/posts\/4330","targetHints":{"allow":["GET"]}}],"collection":[{"href":"https:\/\/boedeli-ski.ch\/index.php?rest_route=\/wp\/v2\/posts"}],"about":[{"href":"https:\/\/boedeli-ski.ch\/index.php?rest_route=\/wp\/v2\/types\/post"}],"author":[{"embeddable":true,"href":"https:\/\/boedeli-ski.ch\/index.php?rest_route=\/wp\/v2\/users\/3"}],"replies":[{"embeddable":true,"href":"https:\/\/boedeli-ski.ch\/index.php?rest_route=%2Fwp%2Fv2%2Fcomments&post=4330"}],"version-history":[{"count":6,"href":"https:\/\/boedeli-ski.ch\/index.php?rest_route=\/wp\/v2\/posts\/4330\/revisions"}],"predecessor-version":[{"id":4363,"href":"https:\/\/boedeli-ski.ch\/index.php?rest_route=\/wp\/v2\/posts\/4330\/revisions\/4363"}],"wp:featuredmedia":[{"embeddable":true,"href":"https:\/\/boedeli-ski.ch\/index.php?rest_route=\/wp\/v2\/media\/4339"}],"wp:attachment":[{"href":"https:\/\/boedeli-ski.ch\/index.php?rest_route=%2Fwp%2Fv2%2Fmedia&parent=4330"}],"wp:term":[{"taxonomy":"category","embeddable":true,"href":"https:\/\/boedeli-ski.ch\/index.php?rest_route=%2Fwp%2Fv2%2Fcategories&post=4330"},{"taxonomy":"post_tag","embeddable":true,"href":"https:\/\/boedeli-ski.ch\/index.php?rest_route=%2Fwp%2Fv2%2Ftags&post=4330"}],"curies":[{"name":"wp","href":"https:\/\/api.w.org\/{rel}","templated":true}]}}