{"id":4257,"date":"2021-07-01T19:07:38","date_gmt":"2021-07-01T18:07:38","guid":{"rendered":"http:\/\/boedeli-ski.ch\/?p=4257"},"modified":"2021-08-20T14:42:56","modified_gmt":"2021-08-20T13:42:56","slug":"rueckblick-auf-eine-schwierige-saison-zuversichtlicher-ausblick","status":"publish","type":"post","link":"https:\/\/boedeli-ski.ch\/?p=4257","title":{"rendered":"R\u00fcckblick auf eine \u201eschwierige\u201c Saison, zuversichtlicher Ausblick"},"content":{"rendered":"\n<p class=\"wp-block-paragraph\"><strong>Am Donnerstag, 24. Juni 2021, durfte der Vorstand von B\u00f6deli-Ski seine Mitglieder anl\u00e4sslich der 19. Ordentlichen Hauptversammlung im Restaurant Hirschen, Wilderswil, begr\u00fcssen. Gemeinsam konnte auf eine \u201eschwierige\u201c, von Covid-19 gepr\u00e4gte, Saison zur\u00fcckgeblickt und zuversichtlich in die Zukunft geschaut werden. Im Vorstand konnten alle Vakanzen besetzt werden.<\/strong><\/p>\n\n\n\n<p class=\"wp-block-paragraph\">Im Rahmen der Versammlung konnte B\u00f6deli-Ski auf eine \u201eschwierige\u201c resp. spezielle Saison zur\u00fcckblicken. Das Region Kader sowie das Trainingsangebot Youngster konnten ihre Trainingsaktivit\u00e4ten gross mehrheitlich ohne Einschr\u00e4nkungen durchf\u00fchren, einzig fast alle Anl\u00e4sse mussten abgesagt werden. Weiter waren bis Anfang M\u00e4rz aufgrund der Pandemie keine Wettk\u00e4mpfe, sprich in unserem konkreten Fall Skirennen, erlaubt. Als es dann jedoch losging, waren die jungen Wettk\u00e4mpfer und Wettk\u00e4mpferinnen top motiviert dabei.<\/p>\n\n\n\n<p class=\"wp-block-paragraph\">Das oberste Ziel von B\u00f6deli-Ski ist ganz klar die Motivation m\u00f6glichst vieler Kinder f\u00fcr den Ski(renn)sport. Die Freude am Skifahren soll dank dem angepassten Trainingsangebote Youngster und f\u00fcr die \u00e4lteren Kinder bei entsprechender Selektion im Region Kader vermittelt werden. Die daf\u00fcr wichtigste Basis bilden die Skiclubs mit ihren JO-Angeboten. Die zus\u00e4tzlichen Trainings von B\u00f6deli-Ski dienen der rennsportspezifischen F\u00f6rderung.<\/p>\n\n\n\n<p class=\"wp-block-paragraph\"><strong>Statutarische Gesch\u00e4fte im ordentlichen Rahmen abgehandelt<\/strong><\/p>\n\n\n\n<p class=\"wp-block-paragraph\">Die statutarischen Gesch\u00e4fte der Hauptversammlung wurden von den anwesenden Mitgliedern, 8 von insgesamt 10 Mitgliederclubs waren vor Ort, ohne grosse Diskussion oder Fragen angenommen.<\/p>\n\n\n\n<p class=\"wp-block-paragraph\">Die Versammlung musste von der Demission der Kassierin, Beatrice Gafner, Kenntnis nehmen. Ihre langj\u00e4hrige Arbeit wurde mit einem Pr\u00e4sent und von den Anwesenden mit einem Applaus verdankt. Als ihre Nachfolgerin wurde Brigitte Grossniklaus gew\u00e4hlt. F\u00fcr die bereits seit l\u00e4ngerer Zeit vakanten Posten Kommunikation und Sponsoring konnten Joel Jaggi und Michaela Seiler gewonnen werden.<\/p>\n\n\n\n<p class=\"wp-block-paragraph\">Die \u00fcbrigen Vorstandsmitglieder sowie der Rechnungsrevisor wurden diskussionslos f\u00fcr eine weitere Amtsdauer von zwei Jahren gew\u00e4hlt. Eine \u00dcbersicht der Vorstandsmitglieder ist <a href=\"https:\/\/boedeli-ski.ch\/?page_id=2098\" data-type=\"page\" data-id=\"2098\">auf der Webseite<\/a> einsehbar.<\/p>\n\n\n\n<p class=\"wp-block-paragraph\">Abschliessend dankte die Pr\u00e4sidentin, Manuela L\u00fcthi, den Mitgliedern f\u00fcr das Erscheinen, die Unterst\u00fctzung w\u00e4hrend der vergangenen Saison sowie die Mitarbeit, ein weiterer grosser Dank ging an die <a href=\"https:\/\/boedeli-ski.ch\/?page_id=527\" data-type=\"page\" data-id=\"527\">Sponsoren<\/a>, auf welche sich B\u00f6deli-Ski seit Jahren verlassen kann oder neu dazu gewonnen hat. Ohne die w\u00e4re es unm\u00f6glich die Angebote auf den verschiedenen Stufen im Ski Alpin auf dem B\u00f6deli anzubieten.<\/p>\n\n\n\n<p class=\"wp-block-paragraph\"><strong>Ausblick<\/strong><\/p>\n\n\n\n<p class=\"wp-block-paragraph\">Die Kaderzusammenstellungen f\u00fcr die Saison 2021\/22 sind abgeschlossen. Die B\u00f6deli-Skiclubs sind sportlich erfolgreich und haben wiederum auf allen Kaderstufen Nachwuchsfahrer. Mit Michelle Hurni und Gian Adank je eine Fahrerin und einen Fahrer im NLZ Mitte Kader von Swiss-Ski, Noelle M\u00fchlheim ist Teil des BOSV Juniorinnen-Kaders. Im RLZ trainieren 7 und im Region Kader 11 Nachwuchsfahrer vom B\u00f6deli.<\/p>\n\n\n\n<p class=\"wp-block-paragraph\">Das <a href=\"https:\/\/boedeli-ski.ch\/?page_id=3546\" data-type=\"page\" data-id=\"3546\">Region Kader<\/a> B\u00f6deli hat das Training im Bereich Kondition bereits aufgenommen. Anmeldungen f\u00fcr das Trainingsangebot <a href=\"https:\/\/boedeli-ski.ch\/?page_id=506\" data-type=\"page\" data-id=\"506\">Youngster<\/a> werden wie gewohnt im Herbst aufgenommen. Im Jahresprogramm von B\u00f6deli-Ski figurieren wiederum die gewohnten Anl\u00e4sse, beispielsweise die Kaderpr\u00e4sentation oder die Wintertime-Party. Die Verantwortlichen sind aktuell zuversichtlich, dass die Aktivit\u00e4ten, allenfalls mit gewissen Anpassungen durchgef\u00fchrt werden k\u00f6nnen.<\/p>\n\n\n\n<figure class=\"wp-block-image size-large\"><img data-recalc-dims=\"1\" loading=\"lazy\" decoding=\"async\" width=\"810\" height=\"608\" src=\"https:\/\/i0.wp.com\/boedeli-ski.ch\/wp-content\/uploads\/2021\/07\/03_Trainingspiste_Habkern.jpg?resize=810%2C608&#038;ssl=1\" alt=\"\" class=\"wp-image-4260\" srcset=\"https:\/\/i0.wp.com\/boedeli-ski.ch\/wp-content\/uploads\/2021\/07\/03_Trainingspiste_Habkern-scaled.jpg?resize=1024%2C768&amp;ssl=1 1024w, https:\/\/i0.wp.com\/boedeli-ski.ch\/wp-content\/uploads\/2021\/07\/03_Trainingspiste_Habkern-scaled.jpg?resize=300%2C225&amp;ssl=1 300w, https:\/\/i0.wp.com\/boedeli-ski.ch\/wp-content\/uploads\/2021\/07\/03_Trainingspiste_Habkern-scaled.jpg?resize=768%2C576&amp;ssl=1 768w, https:\/\/i0.wp.com\/boedeli-ski.ch\/wp-content\/uploads\/2021\/07\/03_Trainingspiste_Habkern-scaled.jpg?resize=1536%2C1152&amp;ssl=1 1536w, https:\/\/i0.wp.com\/boedeli-ski.ch\/wp-content\/uploads\/2021\/07\/03_Trainingspiste_Habkern-scaled.jpg?resize=2048%2C1536&amp;ssl=1 2048w, https:\/\/i0.wp.com\/boedeli-ski.ch\/wp-content\/uploads\/2021\/07\/03_Trainingspiste_Habkern-scaled.jpg?resize=360%2C270&amp;ssl=1 360w, https:\/\/i0.wp.com\/boedeli-ski.ch\/wp-content\/uploads\/2021\/07\/03_Trainingspiste_Habkern-scaled.jpg?resize=80%2C60&amp;ssl=1 80w, https:\/\/i0.wp.com\/boedeli-ski.ch\/wp-content\/uploads\/2021\/07\/03_Trainingspiste_Habkern-scaled.jpg?w=1620&amp;ssl=1 1620w, https:\/\/i0.wp.com\/boedeli-ski.ch\/wp-content\/uploads\/2021\/07\/03_Trainingspiste_Habkern-scaled.jpg?w=2430&amp;ssl=1 2430w\" sizes=\"auto, (max-width: 810px) 100vw, 810px\" \/><figcaption>Start Trainingspiste Habkern: Da zwei Monate keine Skirennen stattfinden durften, wurde viel und vielseitig trainiert. Neben der Jungfrau Ski Region konnte auch die Rennpiste am Skilift Habkern viel genutzt werden.<\/figcaption><\/figure>\n\n\n\n<hr class=\"wp-block-separator\" \/>\n\n\n\n<figure class=\"wp-block-image size-large\"><img data-recalc-dims=\"1\" loading=\"lazy\" decoding=\"async\" width=\"810\" height=\"539\" src=\"https:\/\/i0.wp.com\/boedeli-ski.ch\/wp-content\/uploads\/2021\/07\/02_Noelle_Muehlheim.jpg?resize=810%2C539&#038;ssl=1\" alt=\"\" class=\"wp-image-4262\" srcset=\"https:\/\/i0.wp.com\/boedeli-ski.ch\/wp-content\/uploads\/2021\/07\/02_Noelle_Muehlheim.jpg?resize=1024%2C682&amp;ssl=1 1024w, https:\/\/i0.wp.com\/boedeli-ski.ch\/wp-content\/uploads\/2021\/07\/02_Noelle_Muehlheim.jpg?resize=300%2C200&amp;ssl=1 300w, https:\/\/i0.wp.com\/boedeli-ski.ch\/wp-content\/uploads\/2021\/07\/02_Noelle_Muehlheim.jpg?resize=768%2C511&amp;ssl=1 768w, https:\/\/i0.wp.com\/boedeli-ski.ch\/wp-content\/uploads\/2021\/07\/02_Noelle_Muehlheim.jpg?w=1440&amp;ssl=1 1440w\" sizes=\"auto, (max-width: 810px) 100vw, 810px\" \/><figcaption>No\u00eblle M\u00fchlheim (SC Matten), k\u00e4mpfte sich in der vergangenen Saison von einer Knieverletzung zur\u00fcck. Sie erreichte speziell im Slalom wieder sehr gute Resultate und konnte sich im Nationalen Jugend Cup in den ersten 10 Fahrerinnen der U16 positionieren. [Frederick Thomas, SSM]<\/figcaption><\/figure>\n\n\n\n<hr class=\"wp-block-separator\" \/>\n\n\n\n<figure class=\"wp-block-image size-large\"><img data-recalc-dims=\"1\" loading=\"lazy\" decoding=\"async\" width=\"810\" height=\"562\" src=\"https:\/\/i0.wp.com\/boedeli-ski.ch\/wp-content\/uploads\/2021\/07\/Foto-1.jpg?resize=810%2C562&#038;ssl=1\" alt=\"\" class=\"wp-image-4263\" srcset=\"https:\/\/i0.wp.com\/boedeli-ski.ch\/wp-content\/uploads\/2021\/07\/Foto-1.jpg?resize=1024%2C710&amp;ssl=1 1024w, https:\/\/i0.wp.com\/boedeli-ski.ch\/wp-content\/uploads\/2021\/07\/Foto-1.jpg?resize=300%2C208&amp;ssl=1 300w, https:\/\/i0.wp.com\/boedeli-ski.ch\/wp-content\/uploads\/2021\/07\/Foto-1.jpg?resize=768%2C532&amp;ssl=1 768w, https:\/\/i0.wp.com\/boedeli-ski.ch\/wp-content\/uploads\/2021\/07\/Foto-1.jpg?w=1440&amp;ssl=1 1440w\" sizes=\"auto, (max-width: 810px) 100vw, 810px\" \/><figcaption>Mit dem Sieg in der Abfahrt, sowie dem 3. Platz im Slalom konnte sich Michelle Hurni (SC Matten) in der vergangenen Saison an den U18-Juniorenschweizermeisterschaften erfreulich in Szene setzen. [Loris Kaufmann, @ljkvisuals]<\/figcaption><\/figure>\n\n\n\n<hr class=\"wp-block-separator\" \/>\n\n\n\n<figure class=\"wp-block-image size-large\"><img data-recalc-dims=\"1\" loading=\"lazy\" decoding=\"async\" width=\"810\" height=\"608\" src=\"https:\/\/i0.wp.com\/boedeli-ski.ch\/wp-content\/uploads\/2021\/07\/04_Impressionen_Training_1.jpg?resize=810%2C608&#038;ssl=1\" alt=\"\" class=\"wp-image-4264\" srcset=\"https:\/\/i0.wp.com\/boedeli-ski.ch\/wp-content\/uploads\/2021\/07\/04_Impressionen_Training_1-scaled.jpg?resize=1024%2C768&amp;ssl=1 1024w, https:\/\/i0.wp.com\/boedeli-ski.ch\/wp-content\/uploads\/2021\/07\/04_Impressionen_Training_1-scaled.jpg?resize=300%2C225&amp;ssl=1 300w, https:\/\/i0.wp.com\/boedeli-ski.ch\/wp-content\/uploads\/2021\/07\/04_Impressionen_Training_1-scaled.jpg?resize=768%2C576&amp;ssl=1 768w, https:\/\/i0.wp.com\/boedeli-ski.ch\/wp-content\/uploads\/2021\/07\/04_Impressionen_Training_1-scaled.jpg?resize=1536%2C1152&amp;ssl=1 1536w, https:\/\/i0.wp.com\/boedeli-ski.ch\/wp-content\/uploads\/2021\/07\/04_Impressionen_Training_1-scaled.jpg?resize=2048%2C1536&amp;ssl=1 2048w, https:\/\/i0.wp.com\/boedeli-ski.ch\/wp-content\/uploads\/2021\/07\/04_Impressionen_Training_1-scaled.jpg?resize=360%2C270&amp;ssl=1 360w, https:\/\/i0.wp.com\/boedeli-ski.ch\/wp-content\/uploads\/2021\/07\/04_Impressionen_Training_1-scaled.jpg?resize=80%2C60&amp;ssl=1 80w, https:\/\/i0.wp.com\/boedeli-ski.ch\/wp-content\/uploads\/2021\/07\/04_Impressionen_Training_1-scaled.jpg?w=1620&amp;ssl=1 1620w, https:\/\/i0.wp.com\/boedeli-ski.ch\/wp-content\/uploads\/2021\/07\/04_Impressionen_Training_1-scaled.jpg?w=2430&amp;ssl=1 2430w\" sizes=\"auto, (max-width: 810px) 100vw, 810px\" \/><figcaption>Impressionen Training<\/figcaption><\/figure>\n\n\n\n<hr class=\"wp-block-separator\" \/>\n\n\n\n<figure class=\"wp-block-image size-large\"><img data-recalc-dims=\"1\" loading=\"lazy\" decoding=\"async\" width=\"810\" height=\"608\" src=\"https:\/\/i0.wp.com\/boedeli-ski.ch\/wp-content\/uploads\/2021\/07\/05_Impressionen_Training_2.jpg?resize=810%2C608&#038;ssl=1\" alt=\"\" class=\"wp-image-4265\" srcset=\"https:\/\/i0.wp.com\/boedeli-ski.ch\/wp-content\/uploads\/2021\/07\/05_Impressionen_Training_2-scaled.jpg?resize=1024%2C768&amp;ssl=1 1024w, https:\/\/i0.wp.com\/boedeli-ski.ch\/wp-content\/uploads\/2021\/07\/05_Impressionen_Training_2-scaled.jpg?resize=300%2C225&amp;ssl=1 300w, https:\/\/i0.wp.com\/boedeli-ski.ch\/wp-content\/uploads\/2021\/07\/05_Impressionen_Training_2-scaled.jpg?resize=768%2C576&amp;ssl=1 768w, https:\/\/i0.wp.com\/boedeli-ski.ch\/wp-content\/uploads\/2021\/07\/05_Impressionen_Training_2-scaled.jpg?resize=1536%2C1152&amp;ssl=1 1536w, https:\/\/i0.wp.com\/boedeli-ski.ch\/wp-content\/uploads\/2021\/07\/05_Impressionen_Training_2-scaled.jpg?resize=2048%2C1536&amp;ssl=1 2048w, https:\/\/i0.wp.com\/boedeli-ski.ch\/wp-content\/uploads\/2021\/07\/05_Impressionen_Training_2-scaled.jpg?resize=360%2C270&amp;ssl=1 360w, https:\/\/i0.wp.com\/boedeli-ski.ch\/wp-content\/uploads\/2021\/07\/05_Impressionen_Training_2-scaled.jpg?resize=80%2C60&amp;ssl=1 80w, https:\/\/i0.wp.com\/boedeli-ski.ch\/wp-content\/uploads\/2021\/07\/05_Impressionen_Training_2-scaled.jpg?w=1620&amp;ssl=1 1620w, https:\/\/i0.wp.com\/boedeli-ski.ch\/wp-content\/uploads\/2021\/07\/05_Impressionen_Training_2-scaled.jpg?w=2430&amp;ssl=1 2430w\" sizes=\"auto, (max-width: 810px) 100vw, 810px\" \/><figcaption> Impressionen Training <\/figcaption><\/figure>\n\n\n\n<hr class=\"wp-block-separator\" \/>\n\n\n\n<figure class=\"wp-block-image size-large\"><img data-recalc-dims=\"1\" loading=\"lazy\" decoding=\"async\" width=\"768\" height=\"1024\" src=\"https:\/\/i0.wp.com\/boedeli-ski.ch\/wp-content\/uploads\/2021\/07\/Foto-2.jpg?resize=768%2C1024&#038;ssl=1\" alt=\"\" class=\"wp-image-4266\" srcset=\"https:\/\/i0.wp.com\/boedeli-ski.ch\/wp-content\/uploads\/2021\/07\/Foto-2-scaled.jpg?resize=768%2C1024&amp;ssl=1 768w, https:\/\/i0.wp.com\/boedeli-ski.ch\/wp-content\/uploads\/2021\/07\/Foto-2-scaled.jpg?resize=225%2C300&amp;ssl=1 225w, https:\/\/i0.wp.com\/boedeli-ski.ch\/wp-content\/uploads\/2021\/07\/Foto-2-scaled.jpg?resize=1152%2C1536&amp;ssl=1 1152w, https:\/\/i0.wp.com\/boedeli-ski.ch\/wp-content\/uploads\/2021\/07\/Foto-2-scaled.jpg?resize=1536%2C2048&amp;ssl=1 1536w, https:\/\/i0.wp.com\/boedeli-ski.ch\/wp-content\/uploads\/2021\/07\/Foto-2-scaled.jpg?w=1920&amp;ssl=1 1920w, https:\/\/i0.wp.com\/boedeli-ski.ch\/wp-content\/uploads\/2021\/07\/Foto-2-scaled.jpg?w=1620&amp;ssl=1 1620w\" sizes=\"auto, (max-width: 768px) 100vw, 768px\" \/><figcaption>Ab M\u00e4rz waren Skirennen erlaubt, B\u00f6deli-Ski organisierte mit den Skiclubs zusammen noch je einen Slalom und Riesenslalom Renntag im Rahmen der <a href=\"https:\/\/boedeli-ski.ch\/?page_id=3773\" data-type=\"page\" data-id=\"3773\">B\u00f6deli-Meisterschaft<\/a>.<\/figcaption><\/figure>\n","protected":false},"excerpt":{"rendered":"<p>Am Donnerstag, 24. Juni 2021, durfte der Vorstand von B\u00f6deli-Ski [&hellip;]<\/p>\n","protected":false},"author":1,"featured_media":4258,"comment_status":"closed","ping_status":"closed","sticky":false,"template":"","format":"standard","meta":{"_crdt_document":"","jetpack_post_was_ever_published":false,"_jetpack_newsletter_access":"","_jetpack_dont_email_post_to_subs":false,"_jetpack_newsletter_tier_id":0,"_jetpack_memberships_contains_paywalled_content":false,"_jetpack_memberships_contains_paid_content":false,"footnotes":""},"categories":[7,31,30],"tags":[],"class_list":["post-4257","post","type-post","status-publish","format-standard","has-post-thumbnail","hentry","category-bericht-training","category-saison-20-21","category-saison-21-22"],"jetpack_featured_media_url":"https:\/\/i0.wp.com\/boedeli-ski.ch\/wp-content\/uploads\/2021\/07\/web_07_Impressionen_Rennen_2-scaled.jpg?fit=2560%2C1280&ssl=1","jetpack_sharing_enabled":true,"jetpack_shortlink":"https:\/\/wp.me\/p9y5Fm-16F","_links":{"self":[{"href":"https:\/\/boedeli-ski.ch\/index.php?rest_route=\/wp\/v2\/posts\/4257","targetHints":{"allow":["GET"]}}],"collection":[{"href":"https:\/\/boedeli-ski.ch\/index.php?rest_route=\/wp\/v2\/posts"}],"about":[{"href":"https:\/\/boedeli-ski.ch\/index.php?rest_route=\/wp\/v2\/types\/post"}],"author":[{"embeddable":true,"href":"https:\/\/boedeli-ski.ch\/index.php?rest_route=\/wp\/v2\/users\/1"}],"replies":[{"embeddable":true,"href":"https:\/\/boedeli-ski.ch\/index.php?rest_route=%2Fwp%2Fv2%2Fcomments&post=4257"}],"version-history":[{"count":7,"href":"https:\/\/boedeli-ski.ch\/index.php?rest_route=\/wp\/v2\/posts\/4257\/revisions"}],"predecessor-version":[{"id":4351,"href":"https:\/\/boedeli-ski.ch\/index.php?rest_route=\/wp\/v2\/posts\/4257\/revisions\/4351"}],"wp:featuredmedia":[{"embeddable":true,"href":"https:\/\/boedeli-ski.ch\/index.php?rest_route=\/wp\/v2\/media\/4258"}],"wp:attachment":[{"href":"https:\/\/boedeli-ski.ch\/index.php?rest_route=%2Fwp%2Fv2%2Fmedia&parent=4257"}],"wp:term":[{"taxonomy":"category","embeddable":true,"href":"https:\/\/boedeli-ski.ch\/index.php?rest_route=%2Fwp%2Fv2%2Fcategories&post=4257"},{"taxonomy":"post_tag","embeddable":true,"href":"https:\/\/boedeli-ski.ch\/index.php?rest_route=%2Fwp%2Fv2%2Ftags&post=4257"}],"curies":[{"name":"wp","href":"https:\/\/api.w.org\/{rel}","templated":true}]}}