{"id":4171,"date":"2021-06-07T17:25:42","date_gmt":"2021-06-07T16:25:42","guid":{"rendered":"http:\/\/boedeli-ski.ch\/?p=4171"},"modified":"2021-08-20T14:33:22","modified_gmt":"2021-08-20T13:33:22","slug":"kaderzusammenstellung-der-boedeli-skiclubs","status":"publish","type":"post","link":"https:\/\/boedeli-ski.ch\/?p=4171","title":{"rendered":"Kaderzusammenstellung der B\u00f6deli-Skiclubs"},"content":{"rendered":"\n<figure class=\"wp-block-image size-large is-resized\"><img data-recalc-dims=\"1\" loading=\"lazy\" decoding=\"async\" src=\"https:\/\/i0.wp.com\/boedeli-ski.ch\/wp-content\/uploads\/2021\/06\/Selektionen_JO_Athletinnen.jpg?resize=512%2C342&#038;ssl=1\" alt=\"\" class=\"wp-image-4178\" width=\"512\" height=\"342\" srcset=\"https:\/\/i0.wp.com\/boedeli-ski.ch\/wp-content\/uploads\/2021\/06\/Selektionen_JO_Athletinnen.jpg?resize=1024%2C683&amp;ssl=1 1024w, https:\/\/i0.wp.com\/boedeli-ski.ch\/wp-content\/uploads\/2021\/06\/Selektionen_JO_Athletinnen.jpg?resize=300%2C200&amp;ssl=1 300w, https:\/\/i0.wp.com\/boedeli-ski.ch\/wp-content\/uploads\/2021\/06\/Selektionen_JO_Athletinnen.jpg?resize=768%2C512&amp;ssl=1 768w, https:\/\/i0.wp.com\/boedeli-ski.ch\/wp-content\/uploads\/2021\/06\/Selektionen_JO_Athletinnen.jpg?resize=1536%2C1024&amp;ssl=1 1536w, https:\/\/i0.wp.com\/boedeli-ski.ch\/wp-content\/uploads\/2021\/06\/Selektionen_JO_Athletinnen.jpg?w=1920&amp;ssl=1 1920w, https:\/\/i0.wp.com\/boedeli-ski.ch\/wp-content\/uploads\/2021\/06\/Selektionen_JO_Athletinnen.jpg?w=1620&amp;ssl=1 1620w\" sizes=\"auto, (max-width: 512px) 100vw, 512px\" \/><\/figure>\n\n\n\n<figure class=\"wp-block-image size-large is-resized\"><img data-recalc-dims=\"1\" loading=\"lazy\" decoding=\"async\" src=\"https:\/\/i0.wp.com\/boedeli-ski.ch\/wp-content\/uploads\/2021\/06\/Selektionen_JO_Athleten.jpg?resize=512%2C342&#038;ssl=1\" alt=\"\" class=\"wp-image-4180\" width=\"512\" height=\"342\" srcset=\"https:\/\/i0.wp.com\/boedeli-ski.ch\/wp-content\/uploads\/2021\/06\/Selektionen_JO_Athleten.jpg?resize=1024%2C683&amp;ssl=1 1024w, https:\/\/i0.wp.com\/boedeli-ski.ch\/wp-content\/uploads\/2021\/06\/Selektionen_JO_Athleten.jpg?resize=300%2C200&amp;ssl=1 300w, https:\/\/i0.wp.com\/boedeli-ski.ch\/wp-content\/uploads\/2021\/06\/Selektionen_JO_Athleten.jpg?resize=768%2C512&amp;ssl=1 768w, https:\/\/i0.wp.com\/boedeli-ski.ch\/wp-content\/uploads\/2021\/06\/Selektionen_JO_Athleten.jpg?resize=1536%2C1024&amp;ssl=1 1536w, https:\/\/i0.wp.com\/boedeli-ski.ch\/wp-content\/uploads\/2021\/06\/Selektionen_JO_Athleten.jpg?w=1920&amp;ssl=1 1920w, https:\/\/i0.wp.com\/boedeli-ski.ch\/wp-content\/uploads\/2021\/06\/Selektionen_JO_Athleten.jpg?w=1620&amp;ssl=1 1620w\" sizes=\"auto, (max-width: 512px) 100vw, 512px\" \/><\/figure>\n\n\n\n<p class=\"wp-block-paragraph\">Die Kaderzusammenstellung f\u00fcr das Region Kader von B\u00f6deli-Ski steht fest. Im Kader f\u00fcr die Saison 2021-22 sind insgesamt 5 M\u00e4dchen und 6 Knaben:<\/p>\n\n\n\n<ul class=\"wp-block-list\"><li>Elina Grossniklaus, 2007, Skiclub B\u00f6nigen<\/li><li>Mana Ploner, 2008, Skiclub Habkern<\/li><li>Alisa Michel, 2009 Skiclub B\u00f6nigen<\/li><li>Julia Streich, 2009, Skiclub Matten<\/li><li>Elena Zingg, 2009, Skiclub Matten<\/li><\/ul>\n\n\n\n<ul class=\"wp-block-list\"><li>Mike Balmer, 2008, Skiclub Leissigen<\/li><li>Levi B\u00fchler, 2008, Skiclub Leissigen<\/li><li>Bj\u00f6rn Gafner, 2009, Skiclub Wilderswil<\/li><li>Cyrill Gisler, 2009, Skiclub Wilderswil<\/li><li>Florian Kaufmann, 2009, Skiclub Matten<\/li><li>Florian Ploner, 2010, Skiclub Habkern<\/li><\/ul>\n\n\n\n<p class=\"wp-block-paragraph\">F\u00fcr die Nachwuchsfahrer:innen hat das Training schon begonnen und sie sind fleissig in der Halle und auf den Inlines ihre Kondition am Trainieren.<\/p>\n\n\n\n<p class=\"wp-block-paragraph\">Die Kaderzusammenstellung f\u00fcr das Regionale Leistungszentrum Jungfrau steht ebenfalls fest: Von den B\u00f6deli-Skiclubs sind f\u00fcr die Saison 2021-22 insgesamt 2 M\u00e4dchen und 5 Knaben selektioniert.<\/p>\n\n\n\n<figure class=\"wp-block-image size-large is-resized\"><img data-recalc-dims=\"1\" loading=\"lazy\" decoding=\"async\" src=\"https:\/\/i0.wp.com\/boedeli-ski.ch\/wp-content\/uploads\/2021\/06\/Selektionen_RLZ_Athlet-innen.jpg?resize=512%2C342&#038;ssl=1\" alt=\"\" class=\"wp-image-4181\" width=\"512\" height=\"342\" srcset=\"https:\/\/i0.wp.com\/boedeli-ski.ch\/wp-content\/uploads\/2021\/06\/Selektionen_RLZ_Athlet-innen.jpg?resize=1024%2C683&amp;ssl=1 1024w, https:\/\/i0.wp.com\/boedeli-ski.ch\/wp-content\/uploads\/2021\/06\/Selektionen_RLZ_Athlet-innen.jpg?resize=300%2C200&amp;ssl=1 300w, https:\/\/i0.wp.com\/boedeli-ski.ch\/wp-content\/uploads\/2021\/06\/Selektionen_RLZ_Athlet-innen.jpg?resize=768%2C512&amp;ssl=1 768w, https:\/\/i0.wp.com\/boedeli-ski.ch\/wp-content\/uploads\/2021\/06\/Selektionen_RLZ_Athlet-innen.jpg?resize=1536%2C1024&amp;ssl=1 1536w, https:\/\/i0.wp.com\/boedeli-ski.ch\/wp-content\/uploads\/2021\/06\/Selektionen_RLZ_Athlet-innen.jpg?w=1920&amp;ssl=1 1920w, https:\/\/i0.wp.com\/boedeli-ski.ch\/wp-content\/uploads\/2021\/06\/Selektionen_RLZ_Athlet-innen.jpg?w=1620&amp;ssl=1 1620w\" sizes=\"auto, (max-width: 512px) 100vw, 512px\" \/><\/figure>\n\n\n\n<ul class=\"wp-block-list\"><li>Angela R\u00fcegsegger, 2007, Skiclub Matten<\/li><li>Mara Frutiger, 2008, Skiclub Habkern<\/li><\/ul>\n\n\n\n<ul class=\"wp-block-list\"><li>Nicolas Streich, 2007, Skiclub Matten<\/li><li>Simon Streich, 2007, Skiclub Matten<\/li><li>Michael Wyss, 2007, Skiclub Habkern<\/li><li>Nicola Feuz, 2008, Skiclub B\u00f6nigen<\/li><li>Nico Gertsch, 2008, Skiclub G\u00fcndlischwand<\/li><\/ul>\n","protected":false},"excerpt":{"rendered":"<p>Die Kaderzusammenstellung f\u00fcr das Region Kader von B\u00f6deli-Ski steht fest. [&hellip;]<\/p>\n","protected":false},"author":3,"featured_media":4182,"comment_status":"closed","ping_status":"closed","sticky":false,"template":"","format":"standard","meta":{"_crdt_document":"","jetpack_post_was_ever_published":false,"_jetpack_newsletter_access":"","_jetpack_dont_email_post_to_subs":false,"_jetpack_newsletter_tier_id":0,"_jetpack_memberships_contains_paywalled_content":false,"_jetpack_memberships_contains_paid_content":false,"footnotes":""},"categories":[7,30],"tags":[22,21,19],"class_list":["post-4171","post","type-post","status-publish","format-standard","has-post-thumbnail","hentry","category-bericht-training","category-saison-21-22","tag-berner-oberlaendischer-skiverband","tag-bosv","tag-region-kader"],"jetpack_featured_media_url":"https:\/\/i0.wp.com\/boedeli-ski.ch\/wp-content\/uploads\/2021\/06\/Selektionen_TITEL-1024x512-1.jpg?fit=1024%2C512&ssl=1","jetpack_sharing_enabled":true,"jetpack_shortlink":"https:\/\/wp.me\/p9y5Fm-15h","_links":{"self":[{"href":"https:\/\/boedeli-ski.ch\/index.php?rest_route=\/wp\/v2\/posts\/4171","targetHints":{"allow":["GET"]}}],"collection":[{"href":"https:\/\/boedeli-ski.ch\/index.php?rest_route=\/wp\/v2\/posts"}],"about":[{"href":"https:\/\/boedeli-ski.ch\/index.php?rest_route=\/wp\/v2\/types\/post"}],"author":[{"embeddable":true,"href":"https:\/\/boedeli-ski.ch\/index.php?rest_route=\/wp\/v2\/users\/3"}],"replies":[{"embeddable":true,"href":"https:\/\/boedeli-ski.ch\/index.php?rest_route=%2Fwp%2Fv2%2Fcomments&post=4171"}],"version-history":[{"count":5,"href":"https:\/\/boedeli-ski.ch\/index.php?rest_route=\/wp\/v2\/posts\/4171\/revisions"}],"predecessor-version":[{"id":4354,"href":"https:\/\/boedeli-ski.ch\/index.php?rest_route=\/wp\/v2\/posts\/4171\/revisions\/4354"}],"wp:featuredmedia":[{"embeddable":true,"href":"https:\/\/boedeli-ski.ch\/index.php?rest_route=\/wp\/v2\/media\/4182"}],"wp:attachment":[{"href":"https:\/\/boedeli-ski.ch\/index.php?rest_route=%2Fwp%2Fv2%2Fmedia&parent=4171"}],"wp:term":[{"taxonomy":"category","embeddable":true,"href":"https:\/\/boedeli-ski.ch\/index.php?rest_route=%2Fwp%2Fv2%2Fcategories&post=4171"},{"taxonomy":"post_tag","embeddable":true,"href":"https:\/\/boedeli-ski.ch\/index.php?rest_route=%2Fwp%2Fv2%2Ftags&post=4171"}],"curies":[{"name":"wp","href":"https:\/\/api.w.org\/{rel}","templated":true}]}}