{"id":4082,"date":"2021-05-04T12:53:00","date_gmt":"2021-05-04T11:53:00","guid":{"rendered":"http:\/\/boedeli-ski.ch\/?p=4082"},"modified":"2021-08-20T14:32:19","modified_gmt":"2021-08-20T13:32:19","slug":"selektion-juniorinnen-und-junioren","status":"publish","type":"post","link":"https:\/\/boedeli-ski.ch\/?p=4082","title":{"rendered":"Selektion Juniorinnen und Junioren"},"content":{"rendered":"\n<p class=\"wp-block-paragraph\">Swiss Ski ver\u00f6ffentlichte in den letzten Tagen die Kaderselektionen der drei Nationalen Leistungszentren West, Mitte und Ost f\u00fcr die Saison 2021\/22. Insgesamt 2 Fahrer:innen von B\u00f6deli Skiklubs wurden ins Kader des NLZ-Mitte selektioniert:<br><strong>Michelle Hurni<\/strong>, 2003, Skiklub Matten<br><strong>Gian Adank<\/strong>, 2001, Skiclub Matten<\/p>\n\n\n\n<p class=\"wp-block-paragraph\">Ebenso ver\u00f6ffentlichte heute der Berner Oberl\u00e4ndische Skiverband die Kaderselektionen des Juniorinnenkader. Von den Skiklubs der Region B\u00f6deli wurde eine Frau selektioniert:<br><strong>No\u00eblle M\u00fchlheim, 2005, Skiclub Matten<\/strong><\/p>\n\n\n\n<p class=\"wp-block-paragraph\">Wir w\u00fcnschen allen drei Athlet:innen eine erfolgreiche Saison!<strong><br><\/strong><\/p>\n","protected":false},"excerpt":{"rendered":"<p>Swiss Ski ver\u00f6ffentlichte in den letzten Tagen die Kaderselektionen der [&hellip;]<\/p>\n","protected":false},"author":1,"featured_media":4117,"comment_status":"closed","ping_status":"closed","sticky":false,"template":"","format":"standard","meta":{"_crdt_document":"","jetpack_post_was_ever_published":false,"_jetpack_newsletter_access":"","_jetpack_dont_email_post_to_subs":false,"_jetpack_newsletter_tier_id":0,"_jetpack_memberships_contains_paywalled_content":false,"_jetpack_memberships_contains_paid_content":false,"footnotes":""},"categories":[7,30],"tags":[],"class_list":["post-4082","post","type-post","status-publish","format-standard","has-post-thumbnail","hentry","category-bericht-training","category-saison-21-22"],"jetpack_featured_media_url":"https:\/\/i0.wp.com\/boedeli-ski.ch\/wp-content\/uploads\/2021\/06\/Selektionen_JuniorInnen.jpg?fit=2500%2C1667&ssl=1","jetpack_sharing_enabled":true,"jetpack_shortlink":"https:\/\/wp.me\/p9y5Fm-13Q","_links":{"self":[{"href":"https:\/\/boedeli-ski.ch\/index.php?rest_route=\/wp\/v2\/posts\/4082","targetHints":{"allow":["GET"]}}],"collection":[{"href":"https:\/\/boedeli-ski.ch\/index.php?rest_route=\/wp\/v2\/posts"}],"about":[{"href":"https:\/\/boedeli-ski.ch\/index.php?rest_route=\/wp\/v2\/types\/post"}],"author":[{"embeddable":true,"href":"https:\/\/boedeli-ski.ch\/index.php?rest_route=\/wp\/v2\/users\/1"}],"replies":[{"embeddable":true,"href":"https:\/\/boedeli-ski.ch\/index.php?rest_route=%2Fwp%2Fv2%2Fcomments&post=4082"}],"version-history":[{"count":3,"href":"https:\/\/boedeli-ski.ch\/index.php?rest_route=\/wp\/v2\/posts\/4082\/revisions"}],"predecessor-version":[{"id":4163,"href":"https:\/\/boedeli-ski.ch\/index.php?rest_route=\/wp\/v2\/posts\/4082\/revisions\/4163"}],"wp:featuredmedia":[{"embeddable":true,"href":"https:\/\/boedeli-ski.ch\/index.php?rest_route=\/wp\/v2\/media\/4117"}],"wp:attachment":[{"href":"https:\/\/boedeli-ski.ch\/index.php?rest_route=%2Fwp%2Fv2%2Fmedia&parent=4082"}],"wp:term":[{"taxonomy":"category","embeddable":true,"href":"https:\/\/boedeli-ski.ch\/index.php?rest_route=%2Fwp%2Fv2%2Fcategories&post=4082"},{"taxonomy":"post_tag","embeddable":true,"href":"https:\/\/boedeli-ski.ch\/index.php?rest_route=%2Fwp%2Fv2%2Ftags&post=4082"}],"curies":[{"name":"wp","href":"https:\/\/api.w.org\/{rel}","templated":true}]}}