{"id":3721,"date":"2020-10-15T07:05:25","date_gmt":"2020-10-15T06:05:25","guid":{"rendered":"http:\/\/boedeli-ski.ch\/?p=3721"},"modified":"2020-10-27T07:26:33","modified_gmt":"2020-10-27T06:26:33","slug":"fahrzeugpartnerschaft-mit-garage-wenger-wird-fortgefuehrt-und-das-angebot-youngster-startet-in-die-neue-saison","status":"publish","type":"post","link":"https:\/\/boedeli-ski.ch\/?p=3721","title":{"rendered":"Fahrzeugpartnerschaft mit Garage Wenger und das Angebot Youngster startet"},"content":{"rendered":"\n<p class=\"wp-block-paragraph\"><strong>B\u00f6deli-Ski konnte diesen Montag den von der Garage Wenger frischgepr\u00fcften und instand gestellten VW-Bus, als Ersatz f\u00fcr das bisherige, \u00e4ltere Modell, entgegennehmen. Dank der Fahrzeugpartnerschaft werden die Angeh\u00f6rigen des Region-Kaders sowie die Teilnehmenden des Trainingsangebots Youngster mit einem den neusten Sicherheitsstandards entsprechenden Fahrzeug unterwegs sein. Anmeldungen f\u00fcr das Youngster werden zudem ab sofort von den JO-Chefs entgegengenommen.<\/strong><\/p>\n\n\n\n<p class=\"wp-block-paragraph\">Der neue VW-Bus konnte im Rahmen der periodischen Umtauschaktion von Swiss-Ski erworben werden. Dank der grossz\u00fcgigen Unterst\u00fctzung unseres Sponsors, der Garage Wenger, wird dieser auch k\u00fcnftig bestens unterhalten und gepflegt werden k\u00f6nnen.<\/p>\n\n\n\n<p class=\"wp-block-paragraph\">Benjamin und Andrea J\u00f6lly, Gesch\u00e4ftsf\u00fchrer der Garage Wenger, betonten im Rahmen der \u00dcbergabe die Wichtigkeit, Kindern im Rahmen von Angeboten, wie sie B\u00f6deli-Ski bietet, M\u00f6glichkeiten f\u00fcr sportliche Bet\u00e4tigungen und das Weiterkommen in ihrer Lieblingsportart zu bieten. Mit der Fahrzeugpartnerschaft leisten sie einen aktiven Beitrag an die regionale Nachwuchsf\u00f6rderung im Bereich Ski Alpin.<\/p>\n\n\n\n<p class=\"wp-block-paragraph\"><strong>Trainingsangebot Youngster startet mit neuen Cheftrainer in die kommende Saison<\/strong><\/p>\n\n\n\n<p class=\"wp-block-paragraph\">Das Trainingsangebot Youngster ist ein erg\u00e4nzendes Angebot zum Training in der Renngruppe des Skiclubs. Interessierte und talentierte JO-Fahrerinnen und JO-Fahrer aus den Skiclubs der Region B\u00f6deli erhalten 20 bis 25 zus\u00e4tzliche Renntrainings unter der Leitung von B\u00f6deli-Ski. Durch die Zusatzausbildung soll die Verbesserung der skitechnischen F\u00e4higkeiten als Basis f\u00fcr einen m\u00f6glichen Aufstieg in das Region-Kader gelegt werden. Bevor diese n\u00e4chste Stufe auf dem Athletenweg Ski Alpin erreicht werden kann, empfiehlt B\u00f6deli-Ski als Dachverband der angeschlossenen Skiclubs, dass die jungen Nachwuchsfahrer mindestens eine Saison im Youngster trainiert haben.<\/p>\n\n\n\n<p class=\"wp-block-paragraph\">Dieses Trainingsangebot bekommt mit Sandro Weber einen neuen Trainer. Er tritt die Nachfolge von Christian Michel als Chef Youngster an, ist Mitglied des Skiclubs Stedtli-Unterseen und bereits seit 2016 Mitglied des Trainerteams. Mit seiner Erfahrung aus der Aktivkarriere, sowie der Ausbildung zum Nachwuchstrainer J&amp;S ist er bestens auf die Aufgabe vorbereitet. Unterst\u00fctzt wird er von den weiteren Trainern aus dem Team von B\u00f6deli-Ski.<\/p>\n\n\n\n<p class=\"wp-block-paragraph\">F\u00fcr das Angebot k\u00f6nnen sich f\u00fcr die kommende Wintersaison 2020\/21 Kinder mit den Jahrg\u00e4ngen 2009 bis 2011 anmelden. Die Anmeldungen k\u00f6nnen ausschliesslich \u00fcber den JO-Chef ihres Skiclubs erfolgen. Dieser ist auch \u00fcber die Zulassungsbedingungen informiert, Anmeldeschluss ist der 24. Oktober 2020.<\/p>\n\n\n\n<p class=\"wp-block-paragraph\"><a href=\"https:\/\/boedeli-ski.ch\/?page_id=506\" data-type=\"page\" data-id=\"506\">Weitere Informationen zum Youngster<\/a><\/p>\n","protected":false},"excerpt":{"rendered":"<p>B\u00f6deli-Ski konnte diesen Montag den von der Garage Wenger frischgepr\u00fcften [&hellip;]<\/p>\n","protected":false},"author":1,"featured_media":3722,"comment_status":"closed","ping_status":"closed","sticky":false,"template":"","format":"standard","meta":{"_crdt_document":"","jetpack_post_was_ever_published":false,"_jetpack_newsletter_access":"","_jetpack_dont_email_post_to_subs":false,"_jetpack_newsletter_tier_id":0,"_jetpack_memberships_contains_paywalled_content":false,"_jetpack_memberships_contains_paid_content":false,"footnotes":""},"categories":[7],"tags":[],"class_list":["post-3721","post","type-post","status-publish","format-standard","has-post-thumbnail","hentry","category-bericht-training"],"jetpack_featured_media_url":"https:\/\/i0.wp.com\/boedeli-ski.ch\/wp-content\/uploads\/2020\/10\/Foto1_Neuer_Bus_GarageWenger_Boedeli-Ski-scaled.jpg?fit=2560%2C1920&ssl=1","jetpack_sharing_enabled":true,"jetpack_shortlink":"https:\/\/wp.me\/p9y5Fm-Y1","_links":{"self":[{"href":"https:\/\/boedeli-ski.ch\/index.php?rest_route=\/wp\/v2\/posts\/3721","targetHints":{"allow":["GET"]}}],"collection":[{"href":"https:\/\/boedeli-ski.ch\/index.php?rest_route=\/wp\/v2\/posts"}],"about":[{"href":"https:\/\/boedeli-ski.ch\/index.php?rest_route=\/wp\/v2\/types\/post"}],"author":[{"embeddable":true,"href":"https:\/\/boedeli-ski.ch\/index.php?rest_route=\/wp\/v2\/users\/1"}],"replies":[{"embeddable":true,"href":"https:\/\/boedeli-ski.ch\/index.php?rest_route=%2Fwp%2Fv2%2Fcomments&post=3721"}],"version-history":[{"count":4,"href":"https:\/\/boedeli-ski.ch\/index.php?rest_route=\/wp\/v2\/posts\/3721\/revisions"}],"predecessor-version":[{"id":3763,"href":"https:\/\/boedeli-ski.ch\/index.php?rest_route=\/wp\/v2\/posts\/3721\/revisions\/3763"}],"wp:featuredmedia":[{"embeddable":true,"href":"https:\/\/boedeli-ski.ch\/index.php?rest_route=\/wp\/v2\/media\/3722"}],"wp:attachment":[{"href":"https:\/\/boedeli-ski.ch\/index.php?rest_route=%2Fwp%2Fv2%2Fmedia&parent=3721"}],"wp:term":[{"taxonomy":"category","embeddable":true,"href":"https:\/\/boedeli-ski.ch\/index.php?rest_route=%2Fwp%2Fv2%2Fcategories&post=3721"},{"taxonomy":"post_tag","embeddable":true,"href":"https:\/\/boedeli-ski.ch\/index.php?rest_route=%2Fwp%2Fv2%2Ftags&post=3721"}],"curies":[{"name":"wp","href":"https:\/\/api.w.org\/{rel}","templated":true}]}}