{"id":3441,"date":"2020-03-03T17:12:40","date_gmt":"2020-03-03T16:12:40","guid":{"rendered":"http:\/\/boedeli-ski.ch\/?p=3441"},"modified":"2020-03-05T22:51:22","modified_gmt":"2020-03-05T21:51:22","slug":"mehrere-doppelsiege-an-der-masters-schweizermeisterschaft","status":"publish","type":"post","link":"https:\/\/boedeli-ski.ch\/?p=3441","title":{"rendered":"Mehrere Doppelsiege an der Masters Schweizermeisterschaft"},"content":{"rendered":"\n<p class=\"wp-block-paragraph\"><strong>Vergangenes Wochenende f\u00fchrte B\u00f6deli-Ski zusammen mit den Skiclubs Habkern und Matten zwei Regionalskirennen, welche gleichzeitig als Masters Schweizermeisterschaft, gewertet wurden an der Winteregg durch. Gleich mehrere Teilnehmende konnten sich sowohl im Riesenslalom von Samstag als auch im Slalom vom Sonntag den Schweizermeister-Titel in ihrer Kategorie sichern.<\/strong><\/p>\n\n\n\n<p class=\"wp-block-paragraph\">Bei guten Witterungsverh\u00e4ltnissen und, dank den Bem\u00fchungen der Schilthornbahn, optimalen Pisten f\u00fchrten die Verantwortlich am Samstag zwei L\u00e4ufe Riesenslalom und am Sonntag zwei L\u00e4ufe Slalom durch. Die Regionalskirennen wurden f\u00fcr die \u00fcber 30-j\u00e4hrigen gleichzeitig als Masters Schweizermeisterschaft gewertet.<\/p>\n\n\n\n<p class=\"wp-block-paragraph\"><strong>Mehrere Doppelsieger im Rahmen der Masters-SM<\/strong><\/p>\n\n\n\n<p class=\"wp-block-paragraph\"><\/p>\n\n\n\n<p class=\"wp-block-paragraph\">In den verschiedenen Kategorien durften sich gleich mehrere Athletinnen und Athleten als Doppel-schweizermeister feiern lassen. Es waren dies Julia Sch\u00e4rer (SC Belp) in der Kategorie Damen C8, Manuela Chiesa (SC Oberwil-Zug), Damen C3, Philippe Guyot (SAS Lausanne), Herren B11, Urs Sch\u00e4r (SC Selzach), Herren A6, sowie Roland Schneider (SC Oberegg), Herren A4. Die Tagesbestzeiten bei den Herren im Rahmen der SM stellten Daniel B\u00f6ckli (SC Richterswil-Samstagern, Riesenslalom) und Roland Schneider (SC Oberegg, Slalom) auf, bei den Frauen war Manuela Chiesa sowohl im Riesenslalom wie auch im Slalom nicht zu schlagen. Von den B\u00f6deli-Skiclubs waren Judith Graf, Peter Aeschimann (beide SC Matten) und Hannes St\u00e4hli (SC Wilderswil am Start. Judith Graf wurde im Riesenslalom in ihrer Kategorie Schweizer Meisterin, Hannes St\u00e4hli klassierte sich auf Rang 2, Peter Aeschimann auf Rang 5. Im Slalom waren sie nicht am Start.<\/p>\n\n\n\n<p class=\"wp-block-paragraph\"><strong>Brunner und Oesch die schellsten Regionalfahrer<\/strong><\/p>\n\n\n\n<p class=\"wp-block-paragraph\">Bei der Wertung als Regionalrennen \u00fcberzeugten Janette Brunner (SC Habkern) und Mike Oesch (SC B\u00e4rgchutze) im Riesenslalom mit den Bestzeiten in beiden L\u00e4ufen, im Slalom vom Sonntag konnte Mike Oesch seinen Triumph vom Vortag im ersten Rennen wiederholen, im zweiten Rennen schied er aus. Die schnellste Zeit legte in diesem Lauf Mike Christen (SC Stans) in den Schnee. Bei den Damen konnte Tina Frey (SAS Basel) einen Doppelsieg verbuchen.<\/p>\n\n\n\n<p class=\"wp-block-paragraph\">Aus den Reihen von B\u00f6deli-Ski waren an beiden Renntagen weitere Junioren am Start. Ramon Gfeller, Levin Brunner und Joel Jaggi (alle SC Matten) konnten im Slalom vom Sonntag ebenfalls Podestpl\u00e4tze bei den U18 feiern. Nadja Zurbuchen (SC Habkern) klassierte sich im Slalom mit Rang 4 in beiden L\u00e4ufen knapp neben dem Podest.<\/p>\n\n\n\n<p class=\"wp-block-paragraph\"><strong>Swiss-Ski verdankt die Arbeit von B\u00f6deli-Ski<\/strong><\/p>\n\n\n\n<p class=\"wp-block-paragraph\">Gary Furrer (Leiter Breitensport Swiss-Ski) \u00fcbergab im Rahmen der Preisverteilung am Samstag Manuela Zurschmiede und Peter Bernet von B\u00f6deli-Ski eine Hilti-Bohrmaschine. Dies als Anerkennung f\u00fcr die Bem\u00fchungen der B\u00f6deli-Skiclubs f\u00fcr den Regionalrennsport. B\u00f6deli-Ski als Dachverband der 11 Skiclubs um Interlaken startete auf diese Saison das Projekt &#8222;Regio-Ski&#8220; um Jugendlichen auch nach dem JO-Alter die M\u00f6glichkeit zu geben Skirennsport auf regionaler Ebene zu betreiben. Aus diesem Projekt sind auch die Regionalrennen entstanden, die nun als Masters-SM gewertet wurden.<\/p>\n\n\n\n<figure class=\"wp-block-gallery columns-3 is-cropped wp-block-gallery-1 is-layout-flex wp-block-gallery-is-layout-flex\"><ul class=\"blocks-gallery-grid\"><li class=\"blocks-gallery-item\"><figure><img data-recalc-dims=\"1\" loading=\"lazy\" decoding=\"async\" width=\"810\" height=\"608\" src=\"https:\/\/i0.wp.com\/boedeli-ski.ch\/wp-content\/uploads\/2020\/03\/Bild-1.jpg?resize=810%2C608&#038;ssl=1\" alt=\"\" data-id=\"3443\" data-full-url=\"https:\/\/boedeli-ski.ch\/wp-content\/uploads\/2020\/03\/Bild-1.jpg\" data-link=\"https:\/\/boedeli-ski.ch\/?attachment_id=3443\" class=\"wp-image-3443\" srcset=\"https:\/\/i0.wp.com\/boedeli-ski.ch\/wp-content\/uploads\/2020\/03\/Bild-1.jpg?w=945&amp;ssl=1 945w, https:\/\/i0.wp.com\/boedeli-ski.ch\/wp-content\/uploads\/2020\/03\/Bild-1.jpg?resize=300%2C225&amp;ssl=1 300w, https:\/\/i0.wp.com\/boedeli-ski.ch\/wp-content\/uploads\/2020\/03\/Bild-1.jpg?resize=768%2C576&amp;ssl=1 768w, https:\/\/i0.wp.com\/boedeli-ski.ch\/wp-content\/uploads\/2020\/03\/Bild-1.jpg?resize=360%2C270&amp;ssl=1 360w, https:\/\/i0.wp.com\/boedeli-ski.ch\/wp-content\/uploads\/2020\/03\/Bild-1.jpg?resize=80%2C60&amp;ssl=1 80w\" sizes=\"auto, (max-width: 810px) 100vw, 810px\" \/><\/figure><\/li><li class=\"blocks-gallery-item\"><figure><img data-recalc-dims=\"1\" loading=\"lazy\" decoding=\"async\" width=\"810\" height=\"608\" src=\"https:\/\/i0.wp.com\/boedeli-ski.ch\/wp-content\/uploads\/2020\/03\/Bild-2.jpg?resize=810%2C608&#038;ssl=1\" alt=\"\" data-id=\"3444\" data-full-url=\"https:\/\/boedeli-ski.ch\/wp-content\/uploads\/2020\/03\/Bild-2.jpg\" data-link=\"https:\/\/boedeli-ski.ch\/?attachment_id=3444\" class=\"wp-image-3444\" srcset=\"https:\/\/i0.wp.com\/boedeli-ski.ch\/wp-content\/uploads\/2020\/03\/Bild-2.jpg?w=945&amp;ssl=1 945w, https:\/\/i0.wp.com\/boedeli-ski.ch\/wp-content\/uploads\/2020\/03\/Bild-2.jpg?resize=300%2C225&amp;ssl=1 300w, https:\/\/i0.wp.com\/boedeli-ski.ch\/wp-content\/uploads\/2020\/03\/Bild-2.jpg?resize=768%2C576&amp;ssl=1 768w, https:\/\/i0.wp.com\/boedeli-ski.ch\/wp-content\/uploads\/2020\/03\/Bild-2.jpg?resize=360%2C270&amp;ssl=1 360w, https:\/\/i0.wp.com\/boedeli-ski.ch\/wp-content\/uploads\/2020\/03\/Bild-2.jpg?resize=80%2C60&amp;ssl=1 80w\" sizes=\"auto, (max-width: 810px) 100vw, 810px\" \/><\/figure><\/li><li class=\"blocks-gallery-item\"><figure><img data-recalc-dims=\"1\" loading=\"lazy\" decoding=\"async\" width=\"810\" height=\"608\" src=\"https:\/\/i0.wp.com\/boedeli-ski.ch\/wp-content\/uploads\/2020\/03\/Bild-3.jpg?resize=810%2C608&#038;ssl=1\" alt=\"\" data-id=\"3445\" data-full-url=\"https:\/\/boedeli-ski.ch\/wp-content\/uploads\/2020\/03\/Bild-3.jpg\" data-link=\"https:\/\/boedeli-ski.ch\/?attachment_id=3445\" class=\"wp-image-3445\" srcset=\"https:\/\/i0.wp.com\/boedeli-ski.ch\/wp-content\/uploads\/2020\/03\/Bild-3.jpg?w=945&amp;ssl=1 945w, https:\/\/i0.wp.com\/boedeli-ski.ch\/wp-content\/uploads\/2020\/03\/Bild-3.jpg?resize=300%2C225&amp;ssl=1 300w, https:\/\/i0.wp.com\/boedeli-ski.ch\/wp-content\/uploads\/2020\/03\/Bild-3.jpg?resize=768%2C576&amp;ssl=1 768w, https:\/\/i0.wp.com\/boedeli-ski.ch\/wp-content\/uploads\/2020\/03\/Bild-3.jpg?resize=360%2C270&amp;ssl=1 360w, https:\/\/i0.wp.com\/boedeli-ski.ch\/wp-content\/uploads\/2020\/03\/Bild-3.jpg?resize=80%2C60&amp;ssl=1 80w\" sizes=\"auto, (max-width: 810px) 100vw, 810px\" \/><\/figure><\/li><li class=\"blocks-gallery-item\"><figure><img data-recalc-dims=\"1\" loading=\"lazy\" decoding=\"async\" width=\"810\" height=\"608\" src=\"https:\/\/i0.wp.com\/boedeli-ski.ch\/wp-content\/uploads\/2020\/03\/Bild-5.jpg?resize=810%2C608&#038;ssl=1\" alt=\"\" data-id=\"3447\" data-full-url=\"https:\/\/boedeli-ski.ch\/wp-content\/uploads\/2020\/03\/Bild-5.jpg\" data-link=\"https:\/\/boedeli-ski.ch\/?attachment_id=3447\" class=\"wp-image-3447\" srcset=\"https:\/\/i0.wp.com\/boedeli-ski.ch\/wp-content\/uploads\/2020\/03\/Bild-5.jpg?w=945&amp;ssl=1 945w, https:\/\/i0.wp.com\/boedeli-ski.ch\/wp-content\/uploads\/2020\/03\/Bild-5.jpg?resize=300%2C225&amp;ssl=1 300w, https:\/\/i0.wp.com\/boedeli-ski.ch\/wp-content\/uploads\/2020\/03\/Bild-5.jpg?resize=768%2C576&amp;ssl=1 768w, https:\/\/i0.wp.com\/boedeli-ski.ch\/wp-content\/uploads\/2020\/03\/Bild-5.jpg?resize=360%2C270&amp;ssl=1 360w, https:\/\/i0.wp.com\/boedeli-ski.ch\/wp-content\/uploads\/2020\/03\/Bild-5.jpg?resize=80%2C60&amp;ssl=1 80w\" sizes=\"auto, (max-width: 810px) 100vw, 810px\" \/><\/figure><\/li><\/ul><\/figure>\n","protected":false},"excerpt":{"rendered":"<p>Vergangenes Wochenende f\u00fchrte B\u00f6deli-Ski zusammen mit den Skiclubs Habkern und [&hellip;]<\/p>\n","protected":false},"author":1,"featured_media":3446,"comment_status":"closed","ping_status":"closed","sticky":false,"template":"","format":"standard","meta":{"_crdt_document":"","jetpack_post_was_ever_published":false,"_jetpack_newsletter_access":"","_jetpack_dont_email_post_to_subs":false,"_jetpack_newsletter_tier_id":0,"_jetpack_memberships_contains_paywalled_content":false,"_jetpack_memberships_contains_paid_content":false,"footnotes":""},"categories":[7],"tags":[],"class_list":["post-3441","post","type-post","status-publish","format-standard","has-post-thumbnail","hentry","category-bericht-training"],"jetpack_featured_media_url":"https:\/\/i0.wp.com\/boedeli-ski.ch\/wp-content\/uploads\/2020\/03\/Bild-4.jpg?fit=945%2C709&ssl=1","jetpack_sharing_enabled":true,"jetpack_shortlink":"https:\/\/wp.me\/p9y5Fm-Tv","_links":{"self":[{"href":"https:\/\/boedeli-ski.ch\/index.php?rest_route=\/wp\/v2\/posts\/3441","targetHints":{"allow":["GET"]}}],"collection":[{"href":"https:\/\/boedeli-ski.ch\/index.php?rest_route=\/wp\/v2\/posts"}],"about":[{"href":"https:\/\/boedeli-ski.ch\/index.php?rest_route=\/wp\/v2\/types\/post"}],"author":[{"embeddable":true,"href":"https:\/\/boedeli-ski.ch\/index.php?rest_route=\/wp\/v2\/users\/1"}],"replies":[{"embeddable":true,"href":"https:\/\/boedeli-ski.ch\/index.php?rest_route=%2Fwp%2Fv2%2Fcomments&post=3441"}],"version-history":[{"count":2,"href":"https:\/\/boedeli-ski.ch\/index.php?rest_route=\/wp\/v2\/posts\/3441\/revisions"}],"predecessor-version":[{"id":3448,"href":"https:\/\/boedeli-ski.ch\/index.php?rest_route=\/wp\/v2\/posts\/3441\/revisions\/3448"}],"wp:featuredmedia":[{"embeddable":true,"href":"https:\/\/boedeli-ski.ch\/index.php?rest_route=\/wp\/v2\/media\/3446"}],"wp:attachment":[{"href":"https:\/\/boedeli-ski.ch\/index.php?rest_route=%2Fwp%2Fv2%2Fmedia&parent=3441"}],"wp:term":[{"taxonomy":"category","embeddable":true,"href":"https:\/\/boedeli-ski.ch\/index.php?rest_route=%2Fwp%2Fv2%2Fcategories&post=3441"},{"taxonomy":"post_tag","embeddable":true,"href":"https:\/\/boedeli-ski.ch\/index.php?rest_route=%2Fwp%2Fv2%2Ftags&post=3441"}],"curies":[{"name":"wp","href":"https:\/\/api.w.org\/{rel}","templated":true}]}}