{"id":3380,"date":"2020-03-01T19:19:28","date_gmt":"2020-03-01T18:19:28","guid":{"rendered":"http:\/\/boedeli-ski.ch\/?p=3380"},"modified":"2020-03-01T19:44:10","modified_gmt":"2020-03-01T18:44:10","slug":"slalom-regionalrennen-und-masters-sm","status":"publish","type":"post","link":"https:\/\/boedeli-ski.ch\/?p=3380","title":{"rendered":"Slalom Regionalrennen und Masters-SM"},"content":{"rendered":"\n<figure class=\"wp-block-image size-large\"><img loading=\"lazy\" decoding=\"async\" width=\"2560\" height=\"1280\" src=\"https:\/\/i0.wp.com\/boedeli-ski.ch\/wp-content\/uploads\/2020\/03\/Masters_SM_SL_2020_02-scaled.jpg?fit=810%2C405\" alt=\"\" class=\"wp-image-3382\" srcset=\"https:\/\/i0.wp.com\/boedeli-ski.ch\/wp-content\/uploads\/2020\/03\/Masters_SM_SL_2020_02-scaled.jpg?w=2560&amp;ssl=1 2560w, https:\/\/i0.wp.com\/boedeli-ski.ch\/wp-content\/uploads\/2020\/03\/Masters_SM_SL_2020_02-scaled.jpg?resize=300%2C150&amp;ssl=1 300w, https:\/\/i0.wp.com\/boedeli-ski.ch\/wp-content\/uploads\/2020\/03\/Masters_SM_SL_2020_02-scaled.jpg?resize=1024%2C512&amp;ssl=1 1024w, https:\/\/i0.wp.com\/boedeli-ski.ch\/wp-content\/uploads\/2020\/03\/Masters_SM_SL_2020_02-scaled.jpg?resize=768%2C384&amp;ssl=1 768w, https:\/\/i0.wp.com\/boedeli-ski.ch\/wp-content\/uploads\/2020\/03\/Masters_SM_SL_2020_02-scaled.jpg?resize=1536%2C768&amp;ssl=1 1536w, https:\/\/i0.wp.com\/boedeli-ski.ch\/wp-content\/uploads\/2020\/03\/Masters_SM_SL_2020_02-scaled.jpg?resize=2048%2C1024&amp;ssl=1 2048w, https:\/\/i0.wp.com\/boedeli-ski.ch\/wp-content\/uploads\/2020\/03\/Masters_SM_SL_2020_02-scaled.jpg?resize=820%2C410&amp;ssl=1 820w, https:\/\/i0.wp.com\/boedeli-ski.ch\/wp-content\/uploads\/2020\/03\/Masters_SM_SL_2020_02-scaled.jpg?resize=880%2C440&amp;ssl=1 880w, https:\/\/i0.wp.com\/boedeli-ski.ch\/wp-content\/uploads\/2020\/03\/Masters_SM_SL_2020_02-scaled.jpg?w=1620&amp;ssl=1 1620w, https:\/\/i0.wp.com\/boedeli-ski.ch\/wp-content\/uploads\/2020\/03\/Masters_SM_SL_2020_02-scaled.jpg?w=2430&amp;ssl=1 2430w\" sizes=\"auto, (max-width: 810px) 100vw, 810px\" \/><\/figure>\n\n\n\n<p class=\"wp-block-paragraph\">Auch die Slalom Rennen vom Sonntag sind erfolgreich durchgef\u00fchrt. F\u00fcr die Jungen z\u00e4hlte es als zwei Berner Cup Regionalrennen, f\u00fcr die Master jedoch als Rennen in zwei L\u00e4ufen. Also musste f\u00fcr eine Medaille in den Masters-Kategorien beide L\u00e4ufe erfolgreich absolviert werden. Wir danken allen Helfern f\u00fcr die grossartige Unterst\u00fctzung!<br>Impressionen Sonntag: <a href=\"https:\/\/www.flickr.com\/photos\/regio-ski\/albums\/72157713320171192\" target=\"_blank\" rel=\"noreferrer noopener\" aria-label=\"Fotostream Slalom (\u00f6ffnet in neuem Tab)\">Fotostream Slalom<\/a> (flickr)<\/p>\n\n\n\n<p class=\"wp-block-paragraph\">Resultate Slalom 01.03.2020:<br><a href=\"https:\/\/boedeli-ski.ch\/wp-content\/uploads\/2020\/03\/Rangliste_SL_Rennen1_1489.pdf\">Rangliste Slalom Rennen 1<\/a> \/ <a href=\"https:\/\/boedeli-ski.ch\/wp-content\/uploads\/2020\/03\/Rangliste_SL_Rennen2_1490.pdf\">Rangliste Slalom Rennen 2<\/a><br><a href=\"https:\/\/boedeli-ski.ch\/wp-content\/uploads\/2020\/03\/Rangliste_Slalom_Masters_SM_2020.pdf\">Rangliste Masters-SM Slalom<\/a><\/p>\n\n\n\n<figure class=\"wp-block-image size-large\"><img loading=\"lazy\" decoding=\"async\" width=\"2560\" height=\"1280\" src=\"https:\/\/i1.wp.com\/boedeli-ski.ch\/wp-content\/uploads\/2020\/03\/Masters_SM_SL_2020_03-scaled.jpg?fit=810%2C405\" alt=\"\" class=\"wp-image-3383\" srcset=\"https:\/\/i0.wp.com\/boedeli-ski.ch\/wp-content\/uploads\/2020\/03\/Masters_SM_SL_2020_03-scaled.jpg?w=2560&amp;ssl=1 2560w, https:\/\/i0.wp.com\/boedeli-ski.ch\/wp-content\/uploads\/2020\/03\/Masters_SM_SL_2020_03-scaled.jpg?resize=300%2C150&amp;ssl=1 300w, https:\/\/i0.wp.com\/boedeli-ski.ch\/wp-content\/uploads\/2020\/03\/Masters_SM_SL_2020_03-scaled.jpg?resize=1024%2C512&amp;ssl=1 1024w, https:\/\/i0.wp.com\/boedeli-ski.ch\/wp-content\/uploads\/2020\/03\/Masters_SM_SL_2020_03-scaled.jpg?resize=768%2C384&amp;ssl=1 768w, https:\/\/i0.wp.com\/boedeli-ski.ch\/wp-content\/uploads\/2020\/03\/Masters_SM_SL_2020_03-scaled.jpg?resize=1536%2C768&amp;ssl=1 1536w, https:\/\/i0.wp.com\/boedeli-ski.ch\/wp-content\/uploads\/2020\/03\/Masters_SM_SL_2020_03-scaled.jpg?resize=2048%2C1024&amp;ssl=1 2048w, https:\/\/i0.wp.com\/boedeli-ski.ch\/wp-content\/uploads\/2020\/03\/Masters_SM_SL_2020_03-scaled.jpg?resize=820%2C410&amp;ssl=1 820w, https:\/\/i0.wp.com\/boedeli-ski.ch\/wp-content\/uploads\/2020\/03\/Masters_SM_SL_2020_03-scaled.jpg?resize=880%2C440&amp;ssl=1 880w, https:\/\/i0.wp.com\/boedeli-ski.ch\/wp-content\/uploads\/2020\/03\/Masters_SM_SL_2020_03-scaled.jpg?w=1620&amp;ssl=1 1620w, https:\/\/i0.wp.com\/boedeli-ski.ch\/wp-content\/uploads\/2020\/03\/Masters_SM_SL_2020_03-scaled.jpg?w=2430&amp;ssl=1 2430w\" sizes=\"auto, (max-width: 810px) 100vw, 810px\" \/><figcaption>Podest U18 (Rennen 1)<\/figcaption><\/figure>\n\n\n\n<hr class=\"wp-block-separator\"\/>\n\n\n\n<p class=\"wp-block-paragraph\"><a href=\"https:\/\/boedeli-ski.ch\/?page_id=2873\">Alle Informationen im R\u00fcckblick auf der Masters-SM Seite<\/a><\/p>\n","protected":false},"excerpt":{"rendered":"<p>Auch die Slalom Rennen vom Sonntag sind erfolgreich durchgef\u00fchrt. F\u00fcr [&hellip;]<\/p>\n","protected":false},"author":1,"featured_media":3381,"comment_status":"closed","ping_status":"closed","sticky":false,"template":"","format":"standard","meta":{"_crdt_document":"","jetpack_post_was_ever_published":false,"_jetpack_newsletter_access":"","_jetpack_dont_email_post_to_subs":false,"_jetpack_newsletter_tier_id":0,"_jetpack_memberships_contains_paywalled_content":false,"_jetpack_memberships_contains_paid_content":false,"footnotes":""},"categories":[7],"tags":[],"class_list":["post-3380","post","type-post","status-publish","format-standard","has-post-thumbnail","hentry","category-bericht-training"],"jetpack_featured_media_url":"https:\/\/i0.wp.com\/boedeli-ski.ch\/wp-content\/uploads\/2020\/03\/Masters_SM_SL_2020_01-scaled.jpg?fit=2560%2C1280&ssl=1","jetpack_sharing_enabled":true,"jetpack_shortlink":"https:\/\/wp.me\/p9y5Fm-Sw","_links":{"self":[{"href":"https:\/\/boedeli-ski.ch\/index.php?rest_route=\/wp\/v2\/posts\/3380","targetHints":{"allow":["GET"]}}],"collection":[{"href":"https:\/\/boedeli-ski.ch\/index.php?rest_route=\/wp\/v2\/posts"}],"about":[{"href":"https:\/\/boedeli-ski.ch\/index.php?rest_route=\/wp\/v2\/types\/post"}],"author":[{"embeddable":true,"href":"https:\/\/boedeli-ski.ch\/index.php?rest_route=\/wp\/v2\/users\/1"}],"replies":[{"embeddable":true,"href":"https:\/\/boedeli-ski.ch\/index.php?rest_route=%2Fwp%2Fv2%2Fcomments&post=3380"}],"version-history":[{"count":5,"href":"https:\/\/boedeli-ski.ch\/index.php?rest_route=\/wp\/v2\/posts\/3380\/revisions"}],"predecessor-version":[{"id":3388,"href":"https:\/\/boedeli-ski.ch\/index.php?rest_route=\/wp\/v2\/posts\/3380\/revisions\/3388"}],"wp:featuredmedia":[{"embeddable":true,"href":"https:\/\/boedeli-ski.ch\/index.php?rest_route=\/wp\/v2\/media\/3381"}],"wp:attachment":[{"href":"https:\/\/boedeli-ski.ch\/index.php?rest_route=%2Fwp%2Fv2%2Fmedia&parent=3380"}],"wp:term":[{"taxonomy":"category","embeddable":true,"href":"https:\/\/boedeli-ski.ch\/index.php?rest_route=%2Fwp%2Fv2%2Fcategories&post=3380"},{"taxonomy":"post_tag","embeddable":true,"href":"https:\/\/boedeli-ski.ch\/index.php?rest_route=%2Fwp%2Fv2%2Ftags&post=3380"}],"curies":[{"name":"wp","href":"https:\/\/api.w.org\/{rel}","templated":true}]}}