{"id":2728,"date":"2019-09-19T06:11:25","date_gmt":"2019-09-19T05:11:25","guid":{"rendered":"http:\/\/boedeli-ski.ch\/?p=2728"},"modified":"2019-09-19T06:39:19","modified_gmt":"2019-09-19T05:39:19","slug":"neue-und-bekannte-gesichter-praesentiert","status":"publish","type":"post","link":"https:\/\/boedeli-ski.ch\/?p=2728","title":{"rendered":"Neue und bekannte Gesichter pr\u00e4sentiert"},"content":{"rendered":"\n<p class=\"wp-block-paragraph\"><strong>Die Kaderfahrerinnen und Kaderfahrer der Wintersaison 2019\/20 von B\u00f6deli-Ski wurden an der Kaderpr\u00e4sentation vergangenen Montag vorgestellt. Sie haben wertvolle Informationen zu \u00abcool &amp; clean\u00bb erhalten und massen sich in einem in einem Hindernisparcour.<\/strong><\/p>\n\n\n\n<p class=\"wp-block-paragraph\">B\u00f6deli-Ski\nals Dachorganisation der Skiclubs auf dem B\u00f6deli lud vergangenen Montagabend\nseine Kaderfahrerinnen und \u2013fahrer zu einer Pr\u00e4sentation im Rahmen ihres\nKonditionstrainings in Matten. Der Vorstand und die Trainer durften nebst den\nKindern auch deren Eltern begr\u00fcssen. Zur Freude aller Anwesenden konnten 21 junge\nAthletinnen und Athleten pr\u00e4sentiert werden, darunter befanden sich nebst\nbekannten Gesichtern auch ein paar neue Skirennfahrerinnen und Skirennfahrer.<\/p>\n\n\n\n<p class=\"wp-block-paragraph\">Die\nKaderpr\u00e4sentation bot den Rahmen f\u00fcr die Vorstellung des Konzepts von \u00abcool\n&amp; clean\u00bb f\u00fcr sauberen und fairen Sport und f\u00fcr einen ersten Wettkampf in\nder neuen (Ski)-saison. Die Athletinnen und Athleten bew\u00e4ltigten alle einen von\nSki- und Konditionstrainer zusammengestellten Hindernisparcour. Nebst dabei\nbekannten Elementen musste ihnen beim W\u00fcrfeln und beim Treffen einer Wanne mit\neinem Ball auch ein Qu\u00e4ntchen Gl\u00fcck hold sein. Vor der Rangverk\u00fcndigung\nofferierte B\u00f6deli-Ski allen Anwesenden einen kleinen Ap\u00e9ro. Alle Athletinnen\nund Athleten durften einen Preis entgegennehmen. Der Hindernisparcour wurde von\nElina Grossniklaus, JO B\u00f6nigen, gewonnen, auf dem zweiten Platz rangierte sich\nFlorian Ploner, JO Habkern, Dritter wurde Nicola Feuz, JO B\u00f6nigen. <\/p>\n\n\n\n<p class=\"wp-block-paragraph\">In\nden Trainingsangeboten von B\u00f6deli-Ski trainieren kommende Saison 2019\/20 f\u00fcnf Kaderfahrer\nim Youngster Plus Team unter der Leitung von Roland Brunner. Die\nRennfahrerinnen und Rennfahrer k\u00f6nnen bei gleichbleibender Trainercrew am\nAngebot teilnehmen. Mit diesem Regionenkader innerhalb des BOSV kann B\u00f6deli-Ski\ndie M\u00f6glichkeiten einer soliden Grundausbildung im Skisport f\u00fcr\nAufstiegskandidaten bieten. Das Trainingsangebot Youngster f\u00fcr die j\u00fcngeren\nFahrer wird anl\u00e4sslich der Wintertime Party vom 27. Oktober 2019 pr\u00e4sentiert. Die\nEinschreibung und Zulassung erfolgt \u00fcber den JO-Chefs des jeweiligen Skiclubs.<\/p>\n\n\n\n<div class=\"wp-block-file\"><a href=\"https:\/\/boedeli-ski.ch\/wp-content\/uploads\/2019\/09\/Rangliste.pdf\">Rangliste<\/a><a href=\"https:\/\/boedeli-ski.ch\/wp-content\/uploads\/2019\/09\/Rangliste.pdf\" class=\"wp-block-file__button\" download>Herunterladen<\/a><\/div>\n\n\n\n<p class=\"wp-block-paragraph\"><\/p>\n","protected":false},"excerpt":{"rendered":"<p>Die Kaderfahrerinnen und Kaderfahrer der Wintersaison 2019\/20 von B\u00f6deli-Ski wurden [&hellip;]<\/p>\n","protected":false},"author":1,"featured_media":2730,"comment_status":"closed","ping_status":"closed","sticky":false,"template":"","format":"standard","meta":{"_crdt_document":"","jetpack_post_was_ever_published":false,"_jetpack_newsletter_access":"","_jetpack_dont_email_post_to_subs":false,"_jetpack_newsletter_tier_id":0,"_jetpack_memberships_contains_paywalled_content":false,"_jetpack_memberships_contains_paid_content":false,"footnotes":""},"categories":[7],"tags":[],"class_list":["post-2728","post","type-post","status-publish","format-standard","has-post-thumbnail","hentry","category-bericht-training"],"jetpack_featured_media_url":"https:\/\/i0.wp.com\/boedeli-ski.ch\/wp-content\/uploads\/2019\/09\/Foto-1.jpg?fit=3543%2C1993&ssl=1","jetpack_sharing_enabled":true,"jetpack_shortlink":"https:\/\/wp.me\/p9y5Fm-I0","_links":{"self":[{"href":"https:\/\/boedeli-ski.ch\/index.php?rest_route=\/wp\/v2\/posts\/2728","targetHints":{"allow":["GET"]}}],"collection":[{"href":"https:\/\/boedeli-ski.ch\/index.php?rest_route=\/wp\/v2\/posts"}],"about":[{"href":"https:\/\/boedeli-ski.ch\/index.php?rest_route=\/wp\/v2\/types\/post"}],"author":[{"embeddable":true,"href":"https:\/\/boedeli-ski.ch\/index.php?rest_route=\/wp\/v2\/users\/1"}],"replies":[{"embeddable":true,"href":"https:\/\/boedeli-ski.ch\/index.php?rest_route=%2Fwp%2Fv2%2Fcomments&post=2728"}],"version-history":[{"count":2,"href":"https:\/\/boedeli-ski.ch\/index.php?rest_route=\/wp\/v2\/posts\/2728\/revisions"}],"predecessor-version":[{"id":2732,"href":"https:\/\/boedeli-ski.ch\/index.php?rest_route=\/wp\/v2\/posts\/2728\/revisions\/2732"}],"wp:featuredmedia":[{"embeddable":true,"href":"https:\/\/boedeli-ski.ch\/index.php?rest_route=\/wp\/v2\/media\/2730"}],"wp:attachment":[{"href":"https:\/\/boedeli-ski.ch\/index.php?rest_route=%2Fwp%2Fv2%2Fmedia&parent=2728"}],"wp:term":[{"taxonomy":"category","embeddable":true,"href":"https:\/\/boedeli-ski.ch\/index.php?rest_route=%2Fwp%2Fv2%2Fcategories&post=2728"},{"taxonomy":"post_tag","embeddable":true,"href":"https:\/\/boedeli-ski.ch\/index.php?rest_route=%2Fwp%2Fv2%2Ftags&post=2728"}],"curies":[{"name":"wp","href":"https:\/\/api.w.org\/{rel}","templated":true}]}}