{"id":2669,"date":"2019-09-13T13:03:06","date_gmt":"2019-09-13T12:03:06","guid":{"rendered":"http:\/\/boedeli-ski.ch\/?p=2669"},"modified":"2020-02-07T20:58:16","modified_gmt":"2020-02-07T19:58:16","slug":"die-boedeli-skiclubs-unterstuetzen-den-regionalrennsport","status":"publish","type":"post","link":"https:\/\/boedeli-ski.ch\/?p=2669","title":{"rendered":"Die B\u00f6deli Skiclubs unterst\u00fctzen den Regionalrennsport"},"content":{"rendered":"\n<figure class=\"wp-block-image size-large is-resized\"><img data-recalc-dims=\"1\" loading=\"lazy\" decoding=\"async\" src=\"https:\/\/i0.wp.com\/boedeli-ski.ch\/wp-content\/uploads\/2019\/09\/Foto1_RegioSki_880x440_1.jpg?resize=650%2C384&#038;ssl=1\" alt=\"\" class=\"wp-image-2670\" width=\"650\" height=\"384\"\/><figcaption>Peter Aeschimann, Manuela Zurschmiede und Peter Bernet beim Kick-off f\u00fcr das Regio-Ski Projekt<\/figcaption><\/figure>\n\n\n\n<hr class=\"wp-block-separator\"\/>\n\n\n\n<p class=\"wp-block-paragraph\"><strong>Regio-Ski: Auch nach dem JO-Alter Skirennen fahren<\/strong><\/p>\n\n\n\n<p class=\"wp-block-paragraph\">Die\nB\u00f6deli Skiclubs unterst\u00fctzen den Regionalrennsport. Auf die kommende\nWintersaison 2019\/20 wird ein neues Angebot lanciert. <\/p>\n\n\n\n<p class=\"wp-block-paragraph\">Dieses richtet sich vorwiegend an junge Skifahrerinnen und Skifahrer der Altersgruppen Junioren. Es handelt sich dabei nicht um ein st\u00e4ndiges Skikader, sondern die Jugendlichen sollen neben dem aktiven Mitmachen in ihrem Skiclub auch in einer Gruppe Gleichaltriger einige Trainings absolvieren und Rennen besuchen k\u00f6nnen.<\/p>\n\n\n\n<p class=\"wp-block-paragraph\">Die B\u00f6deli-Skiclubs bieten mit diesem Angebot interessierten Juniorinnen und Junioren die M\u00f6glichkeit mit vertretbarem Aufwand neben Ausbildung oder Studium weiterhin Skirennsport auf regionaler Ebene betreiben zu k\u00f6nnen. Es umfasst die Organisation Trainings und Rennbetreuung mit der Beteiligung von Skiclubs, die Leitung von Trainings durch ausgebildete und erfahre Trainer der Skiclubs und B\u00f6deli-Ski, Trainings mit auf die Zielgruppe zugeschnittener Kurssetzung und Pisten, den gemeinsamer Besuch von Regionalen Skirennen (Berner Cup, Swiss Regio Cup, usw..), die fachliche Unterst\u00fctzung und Spezialangebote im Materialbereich sowie Austausch und Zusammenarbeit mit der Regional-Szene in andern Regionen und dem BOSV.<\/p>\n\n\n\n<p class=\"wp-block-paragraph\">Gleichzeitig steht das Trainingsangebot auch Fahrerinnen und Fahrern \u00e4lter als der Kategorie Junioren oder Masters offen, sie erhalten durch die Bezahlung eines G\u00f6nnerbeitrags die M\u00f6glichkeit an den angebotenen Trainings teilzunehmen und sich so optimal auf ihre Wettk\u00e4mpfe vorzubereiten. Es freut uns neu Peter Aeschimann als Koordinator f\u00fcr Aktive und Masters im Team begr\u00fcssen zu d\u00fcrfen.<\/p>\n\n\n\n<p class=\"wp-block-paragraph\"><strong>Neuer Sponsor f\u00fcr das Angebot \u00abRegio-Ski\u00bb<\/strong><br>Mit der Firma Aeschimann Automationssysteme AG konnte diesen Monat gleichzeitig ein neuer, grossz\u00fcgiger Sponsor f\u00fcr dieses Angebot gefunden werden. Der Gesch\u00e4ftsf\u00fchrer, Peter Aeschimann, will damit aktiv mithelfen, Jugendlichen nach dem JO-Alter eine Perspektive zum Weiterbetreiben des Skirennsports zu bieten und ist selber als aktiver Skirennfahrer interessiert an diesem Angebot. <\/p>\n\n\n\n<p class=\"wp-block-paragraph\">Weitere Informationen sind unter <a href=\"https:\/\/boedeli-ski.ch\/regio-ski\">https:\/\/boedeli-ski.ch\/regio-ski<\/a> verf\u00fcgbar.<\/p>\n\n\n\n<hr class=\"wp-block-separator\"\/>\n\n\n\n<p class=\"wp-block-paragraph\">Regionalrennsport\nder B\u00f6deli Skiclubs wird unterst\u00fctzt von:<\/p>\n\n\n\n<div class=\"wp-block-columns is-layout-flex wp-container-core-columns-is-layout-8f761849 wp-block-columns-is-layout-flex\">\n<div class=\"wp-block-column is-layout-flow wp-block-column-is-layout-flow\">\n<figure class=\"wp-block-image size-large\"><a href=\"https:\/\/passionschneesport.ch\" target=\"_blank\" rel=\"noreferrer noopener\"><img data-recalc-dims=\"1\" loading=\"lazy\" decoding=\"async\" width=\"810\" height=\"188\" src=\"https:\/\/i0.wp.com\/boedeli-ski.ch\/wp-content\/uploads\/2020\/02\/Logo_PassionSchneesport_ws.png?resize=810%2C188&#038;ssl=1\" alt=\"\" class=\"wp-image-3148\" srcset=\"https:\/\/i0.wp.com\/boedeli-ski.ch\/wp-content\/uploads\/2020\/02\/Logo_PassionSchneesport_ws.png?w=1010&amp;ssl=1 1010w, https:\/\/i0.wp.com\/boedeli-ski.ch\/wp-content\/uploads\/2020\/02\/Logo_PassionSchneesport_ws.png?resize=300%2C70&amp;ssl=1 300w, https:\/\/i0.wp.com\/boedeli-ski.ch\/wp-content\/uploads\/2020\/02\/Logo_PassionSchneesport_ws.png?resize=768%2C179&amp;ssl=1 768w\" sizes=\"auto, (max-width: 810px) 100vw, 810px\" \/><\/a><\/figure>\n<\/div>\n\n\n\n<div class=\"wp-block-column is-layout-flow wp-block-column-is-layout-flow\">\n<figure class=\"wp-block-image size-large\"><a href=\"https:\/\/www.aeschimann.ch\" target=\"_blank\" rel=\"noreferrer noopener\"><img data-recalc-dims=\"1\" loading=\"lazy\" decoding=\"async\" width=\"810\" height=\"225\" src=\"https:\/\/i0.wp.com\/boedeli-ski.ch\/wp-content\/uploads\/2019\/09\/aeschimann_automationssysteme_w.png?resize=810%2C225&#038;ssl=1\" alt=\"\" class=\"wp-image-2650\" srcset=\"https:\/\/i0.wp.com\/boedeli-ski.ch\/wp-content\/uploads\/2019\/09\/aeschimann_automationssysteme_w.png?resize=1024%2C285&amp;ssl=1 1024w, https:\/\/i0.wp.com\/boedeli-ski.ch\/wp-content\/uploads\/2019\/09\/aeschimann_automationssysteme_w.png?resize=300%2C84&amp;ssl=1 300w, https:\/\/i0.wp.com\/boedeli-ski.ch\/wp-content\/uploads\/2019\/09\/aeschimann_automationssysteme_w.png?resize=768%2C214&amp;ssl=1 768w, https:\/\/i0.wp.com\/boedeli-ski.ch\/wp-content\/uploads\/2019\/09\/aeschimann_automationssysteme_w.png?w=1200&amp;ssl=1 1200w\" sizes=\"auto, (max-width: 810px) 100vw, 810px\" \/><\/a><\/figure>\n<\/div>\n\n\n\n<div class=\"wp-block-column is-layout-flow wp-block-column-is-layout-flow\"><\/div>\n<\/div>\n","protected":false},"excerpt":{"rendered":"<p>Regio-Ski: Auch nach dem JO-Alter Skirennen fahren Die B\u00f6deli Skiclubs [&hellip;]<\/p>\n","protected":false},"author":1,"featured_media":2448,"comment_status":"closed","ping_status":"closed","sticky":false,"template":"","format":"standard","meta":{"_crdt_document":"","jetpack_post_was_ever_published":false,"_jetpack_newsletter_access":"","_jetpack_dont_email_post_to_subs":false,"_jetpack_newsletter_tier_id":0,"_jetpack_memberships_contains_paywalled_content":false,"_jetpack_memberships_contains_paid_content":false,"footnotes":""},"categories":[7],"tags":[],"class_list":["post-2669","post","type-post","status-publish","format-standard","has-post-thumbnail","hentry","category-bericht-training"],"jetpack_featured_media_url":"https:\/\/i0.wp.com\/boedeli-ski.ch\/wp-content\/uploads\/2019\/06\/RegioSki3_w.jpg?fit=1185%2C494&ssl=1","jetpack_sharing_enabled":true,"jetpack_shortlink":"https:\/\/wp.me\/p9y5Fm-H3","_links":{"self":[{"href":"https:\/\/boedeli-ski.ch\/index.php?rest_route=\/wp\/v2\/posts\/2669","targetHints":{"allow":["GET"]}}],"collection":[{"href":"https:\/\/boedeli-ski.ch\/index.php?rest_route=\/wp\/v2\/posts"}],"about":[{"href":"https:\/\/boedeli-ski.ch\/index.php?rest_route=\/wp\/v2\/types\/post"}],"author":[{"embeddable":true,"href":"https:\/\/boedeli-ski.ch\/index.php?rest_route=\/wp\/v2\/users\/1"}],"replies":[{"embeddable":true,"href":"https:\/\/boedeli-ski.ch\/index.php?rest_route=%2Fwp%2Fv2%2Fcomments&post=2669"}],"version-history":[{"count":12,"href":"https:\/\/boedeli-ski.ch\/index.php?rest_route=\/wp\/v2\/posts\/2669\/revisions"}],"predecessor-version":[{"id":3152,"href":"https:\/\/boedeli-ski.ch\/index.php?rest_route=\/wp\/v2\/posts\/2669\/revisions\/3152"}],"wp:featuredmedia":[{"embeddable":true,"href":"https:\/\/boedeli-ski.ch\/index.php?rest_route=\/wp\/v2\/media\/2448"}],"wp:attachment":[{"href":"https:\/\/boedeli-ski.ch\/index.php?rest_route=%2Fwp%2Fv2%2Fmedia&parent=2669"}],"wp:term":[{"taxonomy":"category","embeddable":true,"href":"https:\/\/boedeli-ski.ch\/index.php?rest_route=%2Fwp%2Fv2%2Fcategories&post=2669"},{"taxonomy":"post_tag","embeddable":true,"href":"https:\/\/boedeli-ski.ch\/index.php?rest_route=%2Fwp%2Fv2%2Ftags&post=2669"}],"curies":[{"name":"wp","href":"https:\/\/api.w.org\/{rel}","templated":true}]}}