{"id":2212,"date":"2019-02-15T22:04:24","date_gmt":"2019-02-15T21:04:24","guid":{"rendered":"http:\/\/boedeli-ski.ch\/?p=2212"},"modified":"2019-02-16T21:52:10","modified_gmt":"2019-02-16T20:52:10","slug":"bosv-jo-meisterschaften-am-skilift-habkern","status":"publish","type":"post","link":"https:\/\/boedeli-ski.ch\/?p=2212","title":{"rendered":"BOSV JO Meisterschaften am Skilift Habkern"},"content":{"rendered":"\n<p class=\"wp-block-paragraph\">Dieses Wochenende finden die BOSV JO Meisterschaften am Skilift Habkern statt. Der Riesenslalom am Samstag und der Slalom am Sonntag werden durch die Skiclubs Matten und Habkern gemeinsam organisiert. Dank den sehr guten Pistenbedingungen diesen Winter k\u00f6nnen die alpinen Meisterschaften der besten U12 bis U16 Nachwuchsfahrer seit 2005 erstmals wieder in Habkern abgehalten werden, bei der Austragung 2014 musste wegen Schneemangel an den M\u00e4nnlichen ausgewichen werden. Es werden um 160 Nachwuchsfahrer aus dem Berner Oberland, sowie einige Gastfahrer aus den angrenzenden Regionalverb\u00e4nden von Swiss-Ski erwartet. F\u00fcr die Berner Oberl\u00e4nder Fahrerinnen und Fahrer geht es um die beliebten Meistertitel im Riesenslalom und Slalom. <br>Ab Interlaken haben Zuschauer eine kurze Anreise an die Rennstrecke auf der schwarzen Piste am Skilift Sattelegg in Habkern. Die Festwirtschaft mit Blick auf den Rennhang bei der Clubh\u00fctte Allmi ist per Ski oder auch zu Fuss erreichbar.<\/p>\n\n\n\n<p class=\"wp-block-paragraph\"><strong>Tagesprogramm Samstag und Sonntag<\/strong><\/p>\n\n\n\n<p class=\"wp-block-paragraph\">09.45&nbsp;&nbsp;&nbsp; Start 1. Lauf<\/p>\n\n\n\n<p class=\"wp-block-paragraph\">13.00&nbsp;&nbsp;&nbsp; Start 2. Lauf<\/p>\n\n\n\n<p class=\"wp-block-paragraph\">Samstag 15.30\u00a0\u00a0\u00a0 Siegerehrung (bei Clubh\u00fctte Allmi)<br>Sonntag 15.00   Siegerehrung (bei Clubh\u00fctte Allmi) <\/p>\n\n\n\n<p class=\"wp-block-paragraph\">Komplettes Programm auf der Anlass Webseite:  <a href=\"https:\/\/boedeli-ski.ch\/bosv-jo-meisterschaft\">https:\/\/boedeli-ski.ch\/bosv-jo-meisterschaft<\/a> <\/p>\n","protected":false},"excerpt":{"rendered":"<p>Dieses Wochenende finden die BOSV JO Meisterschaften am Skilift Habkern [&hellip;]<\/p>\n","protected":false},"author":1,"featured_media":2141,"comment_status":"closed","ping_status":"closed","sticky":false,"template":"","format":"standard","meta":{"_crdt_document":"","jetpack_post_was_ever_published":false,"_jetpack_newsletter_access":"","_jetpack_dont_email_post_to_subs":false,"_jetpack_newsletter_tier_id":0,"_jetpack_memberships_contains_paywalled_content":false,"_jetpack_memberships_contains_paid_content":false,"footnotes":""},"categories":[7],"tags":[],"class_list":["post-2212","post","type-post","status-publish","format-standard","has-post-thumbnail","hentry","category-bericht-training"],"jetpack_featured_media_url":"https:\/\/i0.wp.com\/boedeli-ski.ch\/wp-content\/uploads\/2019\/02\/Werbung_BOSV_JO_MS_2019_w810.jpg?fit=810%2C416&ssl=1","jetpack_sharing_enabled":true,"jetpack_shortlink":"https:\/\/wp.me\/p9y5Fm-zG","_links":{"self":[{"href":"https:\/\/boedeli-ski.ch\/index.php?rest_route=\/wp\/v2\/posts\/2212","targetHints":{"allow":["GET"]}}],"collection":[{"href":"https:\/\/boedeli-ski.ch\/index.php?rest_route=\/wp\/v2\/posts"}],"about":[{"href":"https:\/\/boedeli-ski.ch\/index.php?rest_route=\/wp\/v2\/types\/post"}],"author":[{"embeddable":true,"href":"https:\/\/boedeli-ski.ch\/index.php?rest_route=\/wp\/v2\/users\/1"}],"replies":[{"embeddable":true,"href":"https:\/\/boedeli-ski.ch\/index.php?rest_route=%2Fwp%2Fv2%2Fcomments&post=2212"}],"version-history":[{"count":2,"href":"https:\/\/boedeli-ski.ch\/index.php?rest_route=\/wp\/v2\/posts\/2212\/revisions"}],"predecessor-version":[{"id":2239,"href":"https:\/\/boedeli-ski.ch\/index.php?rest_route=\/wp\/v2\/posts\/2212\/revisions\/2239"}],"wp:featuredmedia":[{"embeddable":true,"href":"https:\/\/boedeli-ski.ch\/index.php?rest_route=\/wp\/v2\/media\/2141"}],"wp:attachment":[{"href":"https:\/\/boedeli-ski.ch\/index.php?rest_route=%2Fwp%2Fv2%2Fmedia&parent=2212"}],"wp:term":[{"taxonomy":"category","embeddable":true,"href":"https:\/\/boedeli-ski.ch\/index.php?rest_route=%2Fwp%2Fv2%2Fcategories&post=2212"},{"taxonomy":"post_tag","embeddable":true,"href":"https:\/\/boedeli-ski.ch\/index.php?rest_route=%2Fwp%2Fv2%2Ftags&post=2212"}],"curies":[{"name":"wp","href":"https:\/\/api.w.org\/{rel}","templated":true}]}}